{"id":6582,"date":"2014-04-10T10:59:11","date_gmt":"2014-04-10T15:59:11","guid":{"rendered":"https:\/\/radiowebmx.com\/nota\/?p=6582"},"modified":"2014-04-10T10:59:11","modified_gmt":"2014-04-10T15:59:11","slug":"llaman-a-municipios-a-presentar-proyectos-de-inversion-de-impacto-local-y-regional","status":"publish","type":"post","link":"https:\/\/radiowebmx.com\/nota\/llaman-a-municipios-a-presentar-proyectos-de-inversion-de-impacto-local-y-regional\/","title":{"rendered":"LLAMAN A MUNICIPIOS A PRESENTAR PROYECTOS DE INVERSI\u00d3N DE IMPACTO LOCAL Y REGIONAL"},"content":{"rendered":"<p>Es necesario presentar proyectos de inversi\u00f3n de impacto local y regional que permitan gestionar oportunamente los recursos comprometidos por la Federaci\u00f3n y el Estado recientemente, inform\u00f3 el coordinador de Relaciones Interinstitucionales del Despacho del Gobernador del Estado, Elio N\u00fa\u00f1ez Rueda.<\/p>\n<p>En el marco de la inauguraci\u00f3n del Curso-taller sobre Detecci\u00f3n, Dise\u00f1o y Elaboraci\u00f3n de Proyectos de Inversi\u00f3n para los Municipios, que tuvo lugar en este municipio porte\u00f1o, dijo que es necesaria la participaci\u00f3n de los tres \u00f3rdenes de gobierno y de los ciudadanos en pro de una causa com\u00fan para lograr un Michoac\u00e1n m\u00e1s pr\u00f3spero, aportando a la recomposici\u00f3n del tejido social.<\/p>\n<p>En este sentido, resalt\u00f3 el gran inter\u00e9s que tiene el gobernador Fausto Vallejo Figueroa, de que los michoacanos vivan en un ambiente de paz y seguridad, raz\u00f3n por la cual hizo un llamado al personal de los ayuntamientos citados a transmitir ese entusiasmo a todos los habitantes de esa regi\u00f3n.<\/p>\n<p>Un total de 28 funcionarios municipales y de la sociedad civil de L\u00e1zaro C\u00e1rdenas y Tumbiscat\u00edo, recibieron la instrucci\u00f3n que fue impartida en las instalaciones del Plantel CONALEP en el municipio costero.<\/p>\n<p>El curso, a cargo del maestro en ciencias, Rafael S\u00e1nchez Casta\u00f1eda, otorg\u00f3 las herramientas necesarias para capacitar a los funcionarios municipales en materia de elaboraci\u00f3n de proyectos, por lo que los exhort\u00f3 a aprovechar la excelente coordinaci\u00f3n interinstitucional que existe entre el presidente de la Rep\u00fablica, Enrique Pe\u00f1a Nieto y el gobernador, Fausto Vallejo Figuera, a fin de ser corresponsables en la construcci\u00f3n de un Michoac\u00e1n de cara al desarrollo y crecimiento socioecon\u00f3mico.<\/p>\n<p>Los participantes manifestaron su agradecimiento al mandatario estatal por estar al pendiente de este tema, as\u00ed como por acercarles las herramientas y conocimientos para la elaboraci\u00f3n de proyectos, porque sin ellos, es pr\u00e1cticamente imposible gestionar recursos.<\/p>\n<p>Durante el curso compartieron impresiones, el director general del CONALEP en Michoac\u00e1n, Arturo Villase\u00f1or G\u00f3mez; el jefe de Departamento del Centro Estatal para el Desarrollo Municipal, Homero Baz\u00e1n Romero; el secretario de Fomento Econ\u00f3mico y<\/p>\n<p>representante del presidente municipal de L\u00e1zaro C\u00e1rdenas, Francisco Javier Garc\u00eda Navarrete; y la directora del Plantel CONALEP L\u00e1zaro C\u00e1rdenas, Ruth Elizabeth Dom\u00ednguez Aguirre.<\/p>\n<p>Adem\u00e1s de personal de apoyo de la Coordinaci\u00f3n de Relaciones Interinstitucionales, como Yasser Castro Arellano, Luis Huanosto Maga\u00f1a y Javier \u00c1lvarez Cornejo.<\/p>\n<p>Es de resaltar que estos cursos que tienen valor curricular, iniciaron a principios de a\u00f1o en la capital del Estado, posteriormente se llevaron a la regi\u00f3n de Tierra Caliente y continuar\u00e1n en diferentes zonas de la entidad.<\/p>\n","protected":false},"excerpt":{"rendered":"<p>Es necesario presentar proyectos de inversi\u00f3n de impacto local y regional que permitan gestionar oportunamente los recursos comprometidos por la Federaci\u00f3n y el Estado recientemente, inform\u00f3 el coordinador de Relaciones Interinstitucionales del Despacho del Gobernador del Estado, <\/p>\n","protected":false},"author":1,"featured_media":0,"comment_status":"open","ping_status":"open","sticky":false,"template":"","format":"standard","meta":{"footnotes":""},"categories":[14,3],"tags":[],"class_list":["post-6582","post","type-post","status-publish","format-standard","hentry","category-destacadas","category-gobierno-del-estado-de-michoacan"],"_links":{"self":[{"href":"https:\/\/radiowebmx.com\/nota\/wp-json\/wp\/v2\/posts\/6582","targetHints":{"allow":["GET"]}}],"collection":[{"href":"https:\/\/radiowebmx.com\/nota\/wp-json\/wp\/v2\/posts"}],"about":[{"href":"https:\/\/radiowebmx.com\/nota\/wp-json\/wp\/v2\/types\/post"}],"author":[{"embeddable":true,"href":"https:\/\/radiowebmx.com\/nota\/wp-json\/wp\/v2\/users\/1"}],"replies":[{"embeddable":true,"href":"https:\/\/radiowebmx.com\/nota\/wp-json\/wp\/v2\/comments?post=6582"}],"version-history":[{"count":2,"href":"https:\/\/radiowebmx.com\/nota\/wp-json\/wp\/v2\/posts\/6582\/revisions"}],"predecessor-version":[{"id":6584,"href":"https:\/\/radiowebmx.com\/nota\/wp-json\/wp\/v2\/posts\/6582\/revisions\/6584"}],"wp:attachment":[{"href":"https:\/\/radiowebmx.com\/nota\/wp-json\/wp\/v2\/media?parent=6582"}],"wp:term":[{"taxonomy":"category","embeddable":true,"href":"https:\/\/radiowebmx.com\/nota\/wp-json\/wp\/v2\/categories?post=6582"},{"taxonomy":"post_tag","embeddable":true,"href":"https:\/\/radiowebmx.com\/nota\/wp-json\/wp\/v2\/tags?post=6582"}],"curies":[{"name":"wp","href":"https:\/\/api.w.org\/{rel}","templated":true}]}}