{"id":65761,"date":"2019-07-16T23:54:09","date_gmt":"2019-07-17T04:54:09","guid":{"rendered":"https:\/\/radiowebmx.com\/nota\/?p=65761"},"modified":"2019-07-16T23:54:09","modified_gmt":"2019-07-17T04:54:09","slug":"pan-michoacan-apuesta-al-fortalecimiento-interno-rumbo-al-2021","status":"publish","type":"post","link":"https:\/\/radiowebmx.com\/nota\/pan-michoacan-apuesta-al-fortalecimiento-interno-rumbo-al-2021\/","title":{"rendered":"PAN MICHOAC\u00c1N APUESTA AL FORTALECIMIENTO INTERNO RUMBO AL 2021"},"content":{"rendered":"<p>&#8211; Rindi\u00f3 protesta Antonio Salas Valencia como presidente de la Comisi\u00f3n Pol\u00edtica del PAN.<\/p>\n<p>&#8211; El reto ser\u00e1 alcanzar la confianza de los ciudadanos rumbo a las elecciones del 2021.<\/p>\n<p>&nbsp;<\/p>\n<p>Con la finalidad de retomar la confianza de los ciudadanos y acercar a los militantes rumbo a los comicios electorales de 2021, la Comisi\u00f3n Pol\u00edtica del Partido Acci\u00f3n Nacional, se reuni\u00f3 para establecer las l\u00edneas de trabajo a seguir, inform\u00f3 Oscar Escobar Ledesma, dirigente estatal del PAN.<\/p>\n<p>&#8220;Nuestra prioridad es recobrar la confianza de la ciudadan\u00eda y en los comicios del 2021 ganar Morelia, Zamora, Ciudad Hidalgo, Uruapan, los municipios que son bastiones panistas y por supuesto que la gubernatura de Michoac\u00e1n&#8221;.<\/p>\n<p>Durante la primera reuni\u00f3n de trabajo de la Comisi\u00f3n Pol\u00edtica, se design\u00f3 a Antonio Salas Valencia como presidente y Teresita Herrera Maldonado como secretaria de dicho \u00f3rgano interno.<\/p>\n<p>Escobar Ledesma reiter\u00f3 que parte de las funciones de la Comisi\u00f3n es brindar las herramientas para que Acci\u00f3n Nacional ofrezca los perfiles m\u00e1s capacitados y preparados para representar a la ciudadan\u00eda.<\/p>\n<p>&#8220;Esta comisi\u00f3n tiene la encomienda de vincular y aportar a los trabajos de preparaci\u00f3n para las elecciones, a trav\u00e9s de la gran experiencia de cada uno de los integrantes, para que en el proceso del 2021 se tengan a las mejores mujeres y hombres al frente de las candidaturas. Los michoacanos merecen que las personas m\u00e1s capacitadas sean quienes les representen&#8221;.<\/p>\n<p>Se\u00f1al\u00f3 tambi\u00e9n que ante la situaci\u00f3n actual en la que el gobierno morenista toma decisiones arbitrarias, los militantes y simpatizantes panistas debe tener la confianza en que los perfiles propuestos por Acci\u00f3n Nacional sabr\u00e1n responder con pol\u00edticas p\u00fablicas en beneficio de la poblaci\u00f3n.<\/p>\n<p>&#8220;Sabemos del trabajo que tendremos que hacer y el reto que implica defender los derechos de los michoacanos, ante las decisiones de Andr\u00e9s Manuel L\u00f3pez Obrador para captar seguidores y simpatizantes. Esto lo lograremos con la capacitaci\u00f3n de nuestros perfiles y con la experiencia y direcci\u00f3n de quienes integran los \u00f3rganos internos&#8221;.<\/p>\n<p>La Comisi\u00f3n Pol\u00edtica est\u00e1 integrada por Antonio Salas Valencia, presidente de la Mesa Directiva del Congreso del Estado y diputado por el distrito IX con cabecera en Los Reyes; Teresita Herrera, secretaria general del PAN; Berenice \u00c1lvarez, Consejera Estatal y miembro de la Comisi\u00f3n Permanente; Hugo Anaya, diputado por el distrito I con cabecera en La Piedad; Alejandro Espinoza, presidente municipal de La Piedad; Rafael Castelazo, secretario de Vinculaci\u00f3n y Hector G\u00f3mez Trujillo, integrante del Comit\u00e9 Estatal.<\/p>\n","protected":false},"excerpt":{"rendered":"<p>&#8211; Rindi\u00f3 protesta Antonio Salas Valencia como presidente de la Comisi\u00f3n Pol\u00edtica del PAN. &#8211; El reto ser\u00e1 alcanzar la confianza de los ciudadanos rumbo a las elecciones del 2021. &nbsp; Con la finalidad de retomar la confianza de los ciudadanos y acercar a los militantes rumbo a los comicios electorales de 2021, la Comisi\u00f3n [&hellip;]<\/p>\n","protected":false},"author":2,"featured_media":65762,"comment_status":"closed","ping_status":"closed","sticky":false,"template":"","format":"standard","meta":{"footnotes":""},"categories":[11],"tags":[],"class_list":["post-65761","post","type-post","status-publish","format-standard","has-post-thumbnail","hentry","category-partidos-politicos"],"_links":{"self":[{"href":"https:\/\/radiowebmx.com\/nota\/wp-json\/wp\/v2\/posts\/65761","targetHints":{"allow":["GET"]}}],"collection":[{"href":"https:\/\/radiowebmx.com\/nota\/wp-json\/wp\/v2\/posts"}],"about":[{"href":"https:\/\/radiowebmx.com\/nota\/wp-json\/wp\/v2\/types\/post"}],"author":[{"embeddable":true,"href":"https:\/\/radiowebmx.com\/nota\/wp-json\/wp\/v2\/users\/2"}],"replies":[{"embeddable":true,"href":"https:\/\/radiowebmx.com\/nota\/wp-json\/wp\/v2\/comments?post=65761"}],"version-history":[{"count":1,"href":"https:\/\/radiowebmx.com\/nota\/wp-json\/wp\/v2\/posts\/65761\/revisions"}],"predecessor-version":[{"id":65763,"href":"https:\/\/radiowebmx.com\/nota\/wp-json\/wp\/v2\/posts\/65761\/revisions\/65763"}],"wp:featuredmedia":[{"embeddable":true,"href":"https:\/\/radiowebmx.com\/nota\/wp-json\/wp\/v2\/media\/65762"}],"wp:attachment":[{"href":"https:\/\/radiowebmx.com\/nota\/wp-json\/wp\/v2\/media?parent=65761"}],"wp:term":[{"taxonomy":"category","embeddable":true,"href":"https:\/\/radiowebmx.com\/nota\/wp-json\/wp\/v2\/categories?post=65761"},{"taxonomy":"post_tag","embeddable":true,"href":"https:\/\/radiowebmx.com\/nota\/wp-json\/wp\/v2\/tags?post=65761"}],"curies":[{"name":"wp","href":"https:\/\/api.w.org\/{rel}","templated":true}]}}