{"id":65712,"date":"2019-07-15T12:08:55","date_gmt":"2019-07-15T17:08:55","guid":{"rendered":"https:\/\/radiowebmx.com\/nota\/?p=65712"},"modified":"2019-07-15T12:08:55","modified_gmt":"2019-07-15T17:08:55","slug":"movimiento-ciudadano-organiza-jornadas-de-emprendimiento","status":"publish","type":"post","link":"https:\/\/radiowebmx.com\/nota\/movimiento-ciudadano-organiza-jornadas-de-emprendimiento\/","title":{"rendered":"Movimiento Ciudadano organiza jornadas de emprendimiento"},"content":{"rendered":"<p>Con la finalidad de aprender y principalmente generar \u00e1reas de oportunidad para el desarrollo econ\u00f3mico desde las colonias, hacer que entre ciudadanos formemos emprendedores, se llev\u00f3 a cabo el curso de bisuter\u00eda.<br \/>\nEn estas jornadas de capacitaci\u00f3n y preparaci\u00f3n organizadas por Movimiento Ciudadano Michoac\u00e1n, participaron j\u00f3venes y mujeres, quienes tuvieron la oportunidad de experimentar otra forma de generar sus propios ingresos.<br \/>\nEstos modelos de organizaci\u00f3n y de emprendimiento han sido implementados en diferentes colonias de Morelia por Movimiento Ciudadano.<br \/>\nUno de estos ejemplos se llev\u00f3 a la colonia Ju\u00e1rez, en donde en varias jornadas que sumaron 40 horas, la maestra Ma. Luz Pedraza fue la encargada de hacer conciencia de generar por medio de la creatividad, una forma de obtener ingresos desde casa, sin que la edad sea un obst\u00e1culo.<br \/>\n\u201cPol\u00edtica de coraz\u00f3n\u201d es ponerle todo tu empe\u00f1o a lo que haces, hacerlo por amor, que es en realidad lo que rinde frutos, por eso la Coordinadora Carla Blanquet se ha dado a la tarea de invitar a aquellas mujeres y j\u00f3venes, interesados en una mejor calidad de vida, a que ponerse en contacto con la Casa Ciudadana, ya que es de vital importancia hacer que desde las colonias y los hogares, sean parte del crecimiento personal y estos espacios se conviertan en una \u00e1rea para generar nuevas oportunidades de vida.<\/p>\n","protected":false},"excerpt":{"rendered":"<p>Con la finalidad de aprender y principalmente generar \u00e1reas de oportunidad para el desarrollo econ\u00f3mico desde las colonias, hacer que entre ciudadanos formemos emprendedores, se llev\u00f3 a cabo el curso de bisuter\u00eda. En estas jornadas de capacitaci\u00f3n y preparaci\u00f3n organizadas por Movimiento Ciudadano Michoac\u00e1n, participaron j\u00f3venes y mujeres, quienes tuvieron la oportunidad de experimentar otra [&hellip;]<\/p>\n","protected":false},"author":2,"featured_media":65713,"comment_status":"closed","ping_status":"closed","sticky":false,"template":"","format":"standard","meta":{"footnotes":""},"categories":[11],"tags":[],"class_list":["post-65712","post","type-post","status-publish","format-standard","has-post-thumbnail","hentry","category-partidos-politicos"],"_links":{"self":[{"href":"https:\/\/radiowebmx.com\/nota\/wp-json\/wp\/v2\/posts\/65712","targetHints":{"allow":["GET"]}}],"collection":[{"href":"https:\/\/radiowebmx.com\/nota\/wp-json\/wp\/v2\/posts"}],"about":[{"href":"https:\/\/radiowebmx.com\/nota\/wp-json\/wp\/v2\/types\/post"}],"author":[{"embeddable":true,"href":"https:\/\/radiowebmx.com\/nota\/wp-json\/wp\/v2\/users\/2"}],"replies":[{"embeddable":true,"href":"https:\/\/radiowebmx.com\/nota\/wp-json\/wp\/v2\/comments?post=65712"}],"version-history":[{"count":1,"href":"https:\/\/radiowebmx.com\/nota\/wp-json\/wp\/v2\/posts\/65712\/revisions"}],"predecessor-version":[{"id":65714,"href":"https:\/\/radiowebmx.com\/nota\/wp-json\/wp\/v2\/posts\/65712\/revisions\/65714"}],"wp:featuredmedia":[{"embeddable":true,"href":"https:\/\/radiowebmx.com\/nota\/wp-json\/wp\/v2\/media\/65713"}],"wp:attachment":[{"href":"https:\/\/radiowebmx.com\/nota\/wp-json\/wp\/v2\/media?parent=65712"}],"wp:term":[{"taxonomy":"category","embeddable":true,"href":"https:\/\/radiowebmx.com\/nota\/wp-json\/wp\/v2\/categories?post=65712"},{"taxonomy":"post_tag","embeddable":true,"href":"https:\/\/radiowebmx.com\/nota\/wp-json\/wp\/v2\/tags?post=65712"}],"curies":[{"name":"wp","href":"https:\/\/api.w.org\/{rel}","templated":true}]}}