{"id":6571,"date":"2014-04-10T10:39:41","date_gmt":"2014-04-10T15:39:41","guid":{"rendered":"https:\/\/radiowebmx.com\/nota\/?p=6571"},"modified":"2014-04-10T10:39:41","modified_gmt":"2014-04-10T15:39:41","slug":"dif-michoacan-impulsa-la-salud-visual","status":"publish","type":"post","link":"https:\/\/radiowebmx.com\/nota\/dif-michoacan-impulsa-la-salud-visual\/","title":{"rendered":"DIF MICHOAC\u00c1N IMPULSA LA SALUD VISUAL"},"content":{"rendered":"<p><a href=\"https:\/\/radiowebmx.com\/nota\/wp-content\/uploads\/2014\/04\/DSC3488.jpg\"><img loading=\"lazy\" decoding=\"async\" class=\"alignleft size-full wp-image-6572\" alt=\"_DSC3488\" src=\"https:\/\/radiowebmx.com\/nota\/wp-content\/uploads\/2014\/04\/DSC3488.jpg\" width=\"591\" height=\"291\" \/><\/a>Gracias a la conjunci\u00f3n de esfuerzos, el Sistema para el Desarrollo Integral de la Familia (DIF) Michoac\u00e1n ha apoyado a miles de michoacanas y michoacanos mediante las Jornadas Optom\u00e9tricas, sin importar edad o situaci\u00f3n jur\u00eddica.<\/p>\n<p>As\u00ed, la dependencia estatal ha hecho entrega de 4 mil 392 pares de lentes con una inversi\u00f3n de 800 mil pesos; aunado a esto y gracias a las gestiones emprendidas, se cont\u00f3 con una Jornada Optom\u00e9trica Estatal en Morelia, que benefici\u00f3 a alrededor de 3 mil personas de bajos recursos provenientes de toda la geograf\u00eda michoacana, en conjunto con las Fundaciones <i>One Sigh<\/i> y <i>Devlyn<\/i>.<\/p>\n<p>Al respecto, la directora general del Sistema DIF Michoac\u00e1n, Nelly Sastr\u00e9 Gasca, afirm\u00f3 que es una instrucci\u00f3n de la presidenta honoraria, Patricia Mora de Vallejo, proporcionar los apoyos sociales a la poblaci\u00f3n de todo el estado, lo cual se ha logrado gracias al compromiso de los Sistemas DIF Municipales y de las diferentes dependencias de Gobierno.<\/p>\n<p>La directora general del DIF destac\u00f3 que las Jornadas Optom\u00e9tricas se realizan en los 113 municipios y gracias a la colaboraci\u00f3n interinstitucional tambi\u00e9n se ha logrado llevar el apoyo a internos e internas del Centro de Readaptaci\u00f3n Social (CERESO) \u201cDavid Franco Rodr\u00edguez\u201d, cuyos pares de lentes fueron entregados en d\u00edas pasados.<\/p>\n<p>Por su parte, la directora de Asistencia e Inclusi\u00f3n Social, Tzitlalli Montejano Monroy, detall\u00f3 que 145 internos -52 mujeres y 93 hombres-, recibieron un par de lentes, derivados de la Jornada Optom\u00e9trica que se implement\u00f3 en el CERESO.<\/p>\n<p>Tzitlalli Montejano se\u00f1al\u00f3 que la prioridad de estas Jornadas en la presente administraci\u00f3n, ha sido favorecer a los adultos mayores, ya que contar con este apoyo les permite mejorar sus condiciones de vida y en muchos casos, continuar con sus actividades productivas o retomarlas.<\/p>\n<p>Record\u00f3 que durante estas entregas, adem\u00e1s de los pares de lentes otorgados, las personas que fueron diagnosticadas con cataratas se inscribieron en un padr\u00f3n para que una visita posterior puedan ser intervenidos quir\u00fargicamente para corregir este problema, todo gracias al apoyo comprometido de las diferentes fundaciones en colaboraci\u00f3n con el Gobierno del Estado.<\/p>\n","protected":false},"excerpt":{"rendered":"<p>Gracias a la conjunci\u00f3n de esfuerzos, el Sistema para el Desarrollo Integral de la Familia (DIF) Michoac\u00e1n ha apoyado a miles de michoacanas y michoacanos mediante las Jornadas Optom\u00e9tricas, sin importar edad o situaci\u00f3n jur\u00eddica.<\/p>\n","protected":false},"author":1,"featured_media":0,"comment_status":"open","ping_status":"open","sticky":false,"template":"","format":"standard","meta":{"footnotes":""},"categories":[14,3],"tags":[],"class_list":["post-6571","post","type-post","status-publish","format-standard","hentry","category-destacadas","category-gobierno-del-estado-de-michoacan"],"_links":{"self":[{"href":"https:\/\/radiowebmx.com\/nota\/wp-json\/wp\/v2\/posts\/6571","targetHints":{"allow":["GET"]}}],"collection":[{"href":"https:\/\/radiowebmx.com\/nota\/wp-json\/wp\/v2\/posts"}],"about":[{"href":"https:\/\/radiowebmx.com\/nota\/wp-json\/wp\/v2\/types\/post"}],"author":[{"embeddable":true,"href":"https:\/\/radiowebmx.com\/nota\/wp-json\/wp\/v2\/users\/1"}],"replies":[{"embeddable":true,"href":"https:\/\/radiowebmx.com\/nota\/wp-json\/wp\/v2\/comments?post=6571"}],"version-history":[{"count":2,"href":"https:\/\/radiowebmx.com\/nota\/wp-json\/wp\/v2\/posts\/6571\/revisions"}],"predecessor-version":[{"id":6574,"href":"https:\/\/radiowebmx.com\/nota\/wp-json\/wp\/v2\/posts\/6571\/revisions\/6574"}],"wp:attachment":[{"href":"https:\/\/radiowebmx.com\/nota\/wp-json\/wp\/v2\/media?parent=6571"}],"wp:term":[{"taxonomy":"category","embeddable":true,"href":"https:\/\/radiowebmx.com\/nota\/wp-json\/wp\/v2\/categories?post=6571"},{"taxonomy":"post_tag","embeddable":true,"href":"https:\/\/radiowebmx.com\/nota\/wp-json\/wp\/v2\/tags?post=6571"}],"curies":[{"name":"wp","href":"https:\/\/api.w.org\/{rel}","templated":true}]}}