{"id":65688,"date":"2019-07-12T15:25:28","date_gmt":"2019-07-12T20:25:28","guid":{"rendered":"https:\/\/radiowebmx.com\/nota\/?p=65688"},"modified":"2019-07-12T15:25:28","modified_gmt":"2019-07-12T20:25:28","slug":"pide-el-prd-al-gobierno-de-mexico-agilizar-la-federalizacion-educativa","status":"publish","type":"post","link":"https:\/\/radiowebmx.com\/nota\/pide-el-prd-al-gobierno-de-mexico-agilizar-la-federalizacion-educativa\/","title":{"rendered":"Pide el PRD al Gobierno de M\u00e9xico, agilizar la Federalizaci\u00f3n Educativa"},"content":{"rendered":"<p>El Presidente del Comit\u00e9 Ejecutivo Estatal (CEE) del Partido de la Revoluci\u00f3n Democr\u00e1tica (PRD), Juan Bernardo Corona,\u00a0 hizo un\u00a0llamado al Gobierno de la Rep\u00fablica para que\u00a0haya mayor celeridad en el asunto de la Federalizaci\u00f3n Educativa.<\/p>\n<p>Ante al anuncio del Presidente de M\u00e9xico, Andr\u00e9s Manuel L\u00f3pez Obrador, de que realizar\u00e1 este fin de semana una gira de trabajo\u00a0por diversos municipios michoacanos, \u00a0el Dirigente del PRD estatal,\u00a0 calific\u00f3 como positiva \u00a0la visita del mandatario nacional, sin embargo, -dijo-, \u201ces importante que nos traiga buenas noticias, los michoacanos queremos escuchar avances de la federalizaci\u00f3n educativa\u201d.<\/p>\n<p>Juan Bernardo Corona record\u00f3 que desde noviembre del 2018,\u00a0el Gobierno estatal, -emanado del PRD-,\u00a0 inform\u00f3 respecto a la\u00a0 transferencia de los servicios educativos al\u00a0 Gobierno de M\u00e9xico, y a trav\u00e9s de los meses\u00a0se ha dado cumplimiento a los requisitos que solicitados para este proceso.<\/p>\n<p>El Dirigente Partidista subray\u00f3 que esta gira\u00a0presidencial ser\u00e1 una oportunidad para abordar los avances que se tienen en la Federalizaci\u00f3n Educativa, \u201cme parece que los michoacanos est\u00e1n confiando en la palabra del Presidente de M\u00e9xico, cuando estuvo en Uruapan, en Zacapu y en Morelia, \u00a0prometi\u00f3 hacerlo\u201d, expres\u00f3.<\/p>\n<p>Para finalizar, Juan Bernardo Corona consider\u00f3 que existe una buena relaci\u00f3n entre el Gobierno del Estado y la Federaci\u00f3n, lo que permitir\u00e1 llevar a cabo acciones conjuntas que redunden en beneficio de los michoacanos, \u201cse trata de dejar a un lado diferencias ideol\u00f3gicas y cumplirle a la ciudadan\u00eda\u201d, apunt\u00f3.<\/p>\n","protected":false},"excerpt":{"rendered":"<p>El Presidente del Comit\u00e9 Ejecutivo Estatal (CEE) del Partido de la Revoluci\u00f3n Democr\u00e1tica (PRD), Juan Bernardo Corona,\u00a0 hizo un\u00a0llamado al Gobierno de la Rep\u00fablica para que\u00a0haya mayor celeridad en el asunto de la Federalizaci\u00f3n Educativa. Ante al anuncio del Presidente de M\u00e9xico, Andr\u00e9s Manuel L\u00f3pez Obrador, de que realizar\u00e1 este fin de semana una gira [&hellip;]<\/p>\n","protected":false},"author":2,"featured_media":65689,"comment_status":"closed","ping_status":"closed","sticky":false,"template":"","format":"standard","meta":{"footnotes":""},"categories":[11],"tags":[],"class_list":["post-65688","post","type-post","status-publish","format-standard","has-post-thumbnail","hentry","category-partidos-politicos"],"_links":{"self":[{"href":"https:\/\/radiowebmx.com\/nota\/wp-json\/wp\/v2\/posts\/65688","targetHints":{"allow":["GET"]}}],"collection":[{"href":"https:\/\/radiowebmx.com\/nota\/wp-json\/wp\/v2\/posts"}],"about":[{"href":"https:\/\/radiowebmx.com\/nota\/wp-json\/wp\/v2\/types\/post"}],"author":[{"embeddable":true,"href":"https:\/\/radiowebmx.com\/nota\/wp-json\/wp\/v2\/users\/2"}],"replies":[{"embeddable":true,"href":"https:\/\/radiowebmx.com\/nota\/wp-json\/wp\/v2\/comments?post=65688"}],"version-history":[{"count":1,"href":"https:\/\/radiowebmx.com\/nota\/wp-json\/wp\/v2\/posts\/65688\/revisions"}],"predecessor-version":[{"id":65690,"href":"https:\/\/radiowebmx.com\/nota\/wp-json\/wp\/v2\/posts\/65688\/revisions\/65690"}],"wp:featuredmedia":[{"embeddable":true,"href":"https:\/\/radiowebmx.com\/nota\/wp-json\/wp\/v2\/media\/65689"}],"wp:attachment":[{"href":"https:\/\/radiowebmx.com\/nota\/wp-json\/wp\/v2\/media?parent=65688"}],"wp:term":[{"taxonomy":"category","embeddable":true,"href":"https:\/\/radiowebmx.com\/nota\/wp-json\/wp\/v2\/categories?post=65688"},{"taxonomy":"post_tag","embeddable":true,"href":"https:\/\/radiowebmx.com\/nota\/wp-json\/wp\/v2\/tags?post=65688"}],"curies":[{"name":"wp","href":"https:\/\/api.w.org\/{rel}","templated":true}]}}