{"id":65657,"date":"2019-07-09T17:14:10","date_gmt":"2019-07-09T22:14:10","guid":{"rendered":"https:\/\/radiowebmx.com\/nota\/?p=65657"},"modified":"2019-07-09T17:14:10","modified_gmt":"2019-07-09T22:14:10","slug":"renuncia-en-hacienda-evidencia-desorden-que-tiene-el-presidente-prd","status":"publish","type":"post","link":"https:\/\/radiowebmx.com\/nota\/renuncia-en-hacienda-evidencia-desorden-que-tiene-el-presidente-prd\/","title":{"rendered":"Renuncia en Hacienda, evidencia desorden que tiene el Presidente:  PRD"},"content":{"rendered":"<p>El Presidente del Comit\u00e9 Ejecutivo Estatal (CEE) del Partido de la Revoluci\u00f3n Democr\u00e1tica (PRD), Juan Bernardo Corona, sostuvo que la renuncia del Secretario de Hacienda y Cr\u00e9dito P\u00fablico, Carlos Urz\u00faa, evidencia el desorden y desinter\u00e9s con que se ha conducido el Gobierno Federal.<\/p>\n<p>El Dirigente del PRD en Michoac\u00e1n, afirm\u00f3 que la dimisi\u00f3n de Urz\u00faa, genera incertidumbre, env\u00eda se\u00f1ales negativas a los mercados internacionales y caus\u00f3 efectos negativos en el tipo de cambio del peso frente al d\u00f3lar.<\/p>\n<p>\u201cDesafortunadamente la pol\u00edtica econ\u00f3mica que ha asumido el Presidente de M\u00e9xico, Andr\u00e9s Manuel L\u00f3pez Obrador, no ha sido la correcta, est\u00e1 llevando al pa\u00eds a una situaci\u00f3n lamentable, en la que se promueve el populismo, la entrega de recursos sin orden, no se est\u00e1 generando inversi\u00f3n, ni empleos, ni crecimiento econ\u00f3mico. No podemos ser omisos e insensibles ante los evidentes errores del Gobierno\u201d, expres\u00f3 Juan Bernardo Corona.<\/p>\n<p>Corona Mart\u00ednez subray\u00f3 que son \u00e1reas estrat\u00e9gicas en las que se demandan perfiles especializados, no la imposici\u00f3n de funcionarios por amiguismo o compromisos pol\u00edticos, y esta renuncia de Urz\u00faa, al igual que la ocurrida en meses pasados del titular del IMSS, Germ\u00e1n Mart\u00ednez, demuestran el desorden en la administraci\u00f3n federal, pero tambi\u00e9n el desinter\u00e9s del Presidente, Andr\u00e9s Manuel L\u00f3pez, por cumplirle al pueblo de M\u00e9xico.<\/p>\n<p>Ahora que el propio presidente Andr\u00e9s Manuel L\u00f3pez Obrador, ha nombrado como responsable de la Secretar\u00eda de Hacienda y Cr\u00e9dito P\u00fablico (SHCP), a Arturo Herrera, quien se desempe\u00f1aba como Subsecretario, el Dirigente del PRD en Michoac\u00e1n, hizo un llamado para que no se entorpezca, ni se detenga, el trabajo que ven\u00eda realiz\u00e1ndose y los temas pendientes que se tienen con los estados.<\/p>\n","protected":false},"excerpt":{"rendered":"<p>El Presidente del Comit\u00e9 Ejecutivo Estatal (CEE) del Partido de la Revoluci\u00f3n Democr\u00e1tica (PRD), Juan Bernardo Corona, sostuvo que la renuncia del Secretario de Hacienda y Cr\u00e9dito P\u00fablico, Carlos Urz\u00faa, evidencia el desorden y desinter\u00e9s con que se ha conducido el Gobierno Federal. El Dirigente del PRD en Michoac\u00e1n, afirm\u00f3 que la dimisi\u00f3n de Urz\u00faa, [&hellip;]<\/p>\n","protected":false},"author":2,"featured_media":65658,"comment_status":"closed","ping_status":"closed","sticky":false,"template":"","format":"standard","meta":{"footnotes":""},"categories":[11],"tags":[],"class_list":["post-65657","post","type-post","status-publish","format-standard","has-post-thumbnail","hentry","category-partidos-politicos"],"_links":{"self":[{"href":"https:\/\/radiowebmx.com\/nota\/wp-json\/wp\/v2\/posts\/65657","targetHints":{"allow":["GET"]}}],"collection":[{"href":"https:\/\/radiowebmx.com\/nota\/wp-json\/wp\/v2\/posts"}],"about":[{"href":"https:\/\/radiowebmx.com\/nota\/wp-json\/wp\/v2\/types\/post"}],"author":[{"embeddable":true,"href":"https:\/\/radiowebmx.com\/nota\/wp-json\/wp\/v2\/users\/2"}],"replies":[{"embeddable":true,"href":"https:\/\/radiowebmx.com\/nota\/wp-json\/wp\/v2\/comments?post=65657"}],"version-history":[{"count":1,"href":"https:\/\/radiowebmx.com\/nota\/wp-json\/wp\/v2\/posts\/65657\/revisions"}],"predecessor-version":[{"id":65659,"href":"https:\/\/radiowebmx.com\/nota\/wp-json\/wp\/v2\/posts\/65657\/revisions\/65659"}],"wp:featuredmedia":[{"embeddable":true,"href":"https:\/\/radiowebmx.com\/nota\/wp-json\/wp\/v2\/media\/65658"}],"wp:attachment":[{"href":"https:\/\/radiowebmx.com\/nota\/wp-json\/wp\/v2\/media?parent=65657"}],"wp:term":[{"taxonomy":"category","embeddable":true,"href":"https:\/\/radiowebmx.com\/nota\/wp-json\/wp\/v2\/categories?post=65657"},{"taxonomy":"post_tag","embeddable":true,"href":"https:\/\/radiowebmx.com\/nota\/wp-json\/wp\/v2\/tags?post=65657"}],"curies":[{"name":"wp","href":"https:\/\/api.w.org\/{rel}","templated":true}]}}