{"id":6565,"date":"2014-04-09T11:31:16","date_gmt":"2014-04-09T16:31:16","guid":{"rendered":"https:\/\/radiowebmx.com\/nota\/?p=6565"},"modified":"2014-04-09T11:31:16","modified_gmt":"2014-04-09T16:31:16","slug":"realizara-santa-ana-maya-la-primera-feria-del-pan-y-la-quesadilla","status":"publish","type":"post","link":"https:\/\/radiowebmx.com\/nota\/realizara-santa-ana-maya-la-primera-feria-del-pan-y-la-quesadilla\/","title":{"rendered":"REALIZAR\u00c1 SANTA ANA MAYA LA PRIMERA FERIA DEL PAN Y LA QUESADILLA"},"content":{"rendered":"<p><a href=\"https:\/\/radiowebmx.com\/nota\/wp-content\/uploads\/2014\/04\/DSC_1171.jpg\"><img loading=\"lazy\" decoding=\"async\" class=\"alignleft size-full wp-image-6566\" alt=\"DSC_1171\" src=\"https:\/\/radiowebmx.com\/nota\/wp-content\/uploads\/2014\/04\/DSC_1171.jpg\" width=\"591\" height=\"322\" \/><\/a>El Gobierno del Estado a trav\u00e9s de\u00a0la Comisi\u00f3n de Ferias, Exposiciones y Eventos (COFEEEM), coadyuva con los gobiernos municipales para la realizaci\u00f3n de sus m\u00e1ximos festejos, y en esta ocasi\u00f3n, el municipio de Santa Ana Maya invita a todos los michoacanos a la Primera Feria del Pan y la Quesadilla, la cual se llevar\u00e1 a cabo del 10 al 13 de abril, contexto en que adem\u00e1s celebrar\u00e1\u00a0el 146 Aniversario de su Elevaci\u00f3n a Municipio.<\/p>\n<p>La Feria de Santa Ana Maya, se presenta como una promoci\u00f3n del pan artesanal que genera empleos a nivel familiar, mediante la organizaci\u00f3n de peque\u00f1os productores quienes dar\u00e1n a conocer su producto, as\u00ed lo inform\u00f3,\u00a0Jos\u00e9 Cruz Guti\u00e9rrez, delegado de la C\u00e1mara Nacional de la Industria Panificadora en Michoac\u00e1n (CANAINPA).<\/p>\n<p>\u201cSe crea un movimiento positivo en la econom\u00eda y atraer\u00e1n m\u00e1s turismo a su municipio\u201d, dijo.<\/p>\n<p>Nicol\u00e1s Izquierdo V\u00e1zquez,<b>\u00a0<\/b>secretario\u00a0de la CANAINPA mencion\u00f3 que en\u00a0esta primera edici\u00f3n contar\u00e1n con la participaci\u00f3n de 40 expositores del municipio de Santa Ana Maya y de otros municipios como Ting\u00fcind\u00edn, Quer\u00e9ndaro, Zinap\u00e9cuaro, as\u00ed como Morole\u00f3n y Uriangato, del estado de Guanajuato. En esta feria se expondr\u00e1n m\u00e1s de 300 variedades de pan, figuras, sabores y colores.<\/p>\n<p>Por su parte,\u00a0Esdrael Miranda Ruiz,<b>\u00a0<\/b>secretario del Ayuntamiento de Santa Ana Maya, coment\u00f3 que durante la\u00a0feria se armar\u00e1 una panader\u00eda m\u00f3vil, la cual exhibir\u00e1 maquinaria para la demostraci\u00f3n de c\u00f3mo se realiza el pan, y se ofrecer\u00e1n capacitaciones de t\u00e9cnicas actuales para dicha elaboraci\u00f3n.<\/p>\n<p>En funcionario municipal destac\u00f3 que en promedio se elaboran 7 mil quesadillas en 30 panader\u00edas existentes en el municipio, actividad que genera 150 empleos directos y 200 indirectos.\u00a0Las famosas quesadillas de Santa Ana Maya, son peque\u00f1os panes redondos hechos a base de manteca, mismos que son ba\u00f1ados con miel de piloncillo.<\/p>\n<p>Santa Ana Maya es un municipio de la cuenca del Lago de Cuitzeo, que por su cercan\u00eda con el estado de Guanajuato, es visitado por pobladores de la entidad vecina. Tambi\u00e9n colinda con los municipios de \u00c1lvaro Obreg\u00f3n y Cuitzeo.<\/p>\n","protected":false},"excerpt":{"rendered":"<p>El Gobierno del Estado a trav\u00e9s de la Comisi\u00f3n de Ferias, Exposiciones y Eventos (COFEEEM), coadyuva con los gobiernos municipales para la realizaci\u00f3n de sus m\u00e1ximos festejos, y en esta ocasi\u00f3n, <\/p>\n","protected":false},"author":1,"featured_media":0,"comment_status":"open","ping_status":"open","sticky":false,"template":"","format":"standard","meta":{"footnotes":""},"categories":[14,3],"tags":[],"class_list":["post-6565","post","type-post","status-publish","format-standard","hentry","category-destacadas","category-gobierno-del-estado-de-michoacan"],"_links":{"self":[{"href":"https:\/\/radiowebmx.com\/nota\/wp-json\/wp\/v2\/posts\/6565","targetHints":{"allow":["GET"]}}],"collection":[{"href":"https:\/\/radiowebmx.com\/nota\/wp-json\/wp\/v2\/posts"}],"about":[{"href":"https:\/\/radiowebmx.com\/nota\/wp-json\/wp\/v2\/types\/post"}],"author":[{"embeddable":true,"href":"https:\/\/radiowebmx.com\/nota\/wp-json\/wp\/v2\/users\/1"}],"replies":[{"embeddable":true,"href":"https:\/\/radiowebmx.com\/nota\/wp-json\/wp\/v2\/comments?post=6565"}],"version-history":[{"count":1,"href":"https:\/\/radiowebmx.com\/nota\/wp-json\/wp\/v2\/posts\/6565\/revisions"}],"predecessor-version":[{"id":6567,"href":"https:\/\/radiowebmx.com\/nota\/wp-json\/wp\/v2\/posts\/6565\/revisions\/6567"}],"wp:attachment":[{"href":"https:\/\/radiowebmx.com\/nota\/wp-json\/wp\/v2\/media?parent=6565"}],"wp:term":[{"taxonomy":"category","embeddable":true,"href":"https:\/\/radiowebmx.com\/nota\/wp-json\/wp\/v2\/categories?post=6565"},{"taxonomy":"post_tag","embeddable":true,"href":"https:\/\/radiowebmx.com\/nota\/wp-json\/wp\/v2\/tags?post=6565"}],"curies":[{"name":"wp","href":"https:\/\/api.w.org\/{rel}","templated":true}]}}