{"id":65631,"date":"2019-07-08T18:26:58","date_gmt":"2019-07-08T23:26:58","guid":{"rendered":"https:\/\/radiowebmx.com\/nota\/?p=65631"},"modified":"2019-07-08T18:26:58","modified_gmt":"2019-07-08T23:26:58","slug":"el-prd-impulsando-los-cambios-que-la-ciudadania-demanda-antonio-soto","status":"publish","type":"post","link":"https:\/\/radiowebmx.com\/nota\/el-prd-impulsando-los-cambios-que-la-ciudadania-demanda-antonio-soto\/","title":{"rendered":"El PRD, impulsando los cambios que la  ciudadan\u00eda demanda: Antonio Soto"},"content":{"rendered":"<p>A lo largo de 30 a\u00f1os el Partido de la Revoluci\u00f3n Democr\u00e1tica (PRD), ha aportado al pa\u00eds grandes avances en materia pol\u00edtica, econ\u00f3mica y social. El M\u00e9xico de libertades, democr\u00e1tico, de la aut\u00e9ntica divisi\u00f3n de poderes y de respeto al voto, no se entender\u00eda sin su contribuci\u00f3n, subray\u00f3 Antonio Soto S\u00e1nchez, Presidente del Partido de la Revoluci\u00f3n Democr\u00e1tica (PRD) en Michoac\u00e1n.<\/p>\n<p>&#8220;Como fundador del PRD me siento muy orgulloso de ser dirigente del PRD por segunda ocasi\u00f3n, y de saber que despu\u00e9s de 30 a\u00f1os lo que hemos hecho ha sido lo correcto, que nuestras aportaciones han sido importantes para la naci\u00f3n. Debemos todos sentirnos orgullosos de nuestro lema Democracia ya, Patria para Todos\u201d, expres\u00f3.<\/p>\n<p>El Diputado Local remarc\u00f3 que el PRD es una izquierda progresista, que desde su Fundaci\u00f3n hace 30 a\u00f1os defiende las causas sociales y que ha convertido en Leyes e instituciones las demandas de la ciudadan\u00eda, y el PRD continuar\u00e1 su lucha por un pa\u00eds democr\u00e1tico, con la aut\u00e9ntica divisi\u00f3n de poderes, con respeto al Federalismo, a la libertad de expresi\u00f3n y de manifestaci\u00f3n.<\/p>\n<p>\u201cSigamos esta lucha, merecemos un M\u00e9xico donde se respete a todas y a todos como somos, diversos, distintos, pero con un mismo fin, un mismo objetivo: sacar adelante a nuestro querido pa\u00eds\u201d, afirm\u00f3.<\/p>\n<p>Soto S\u00e1nchez, hizo \u00e9nfasis en que estos avances y logros alcanzados podr\u00edan verse amenazados por el regreso de un presidencialismo autoritario que ahora est\u00e1 en el Poder Federal.<\/p>\n<p>\u201cComo PRD fuimos impulsores del federalismo, de la autonom\u00eda de Estados y Municipios, de una aut\u00e9ntica divisi\u00f3n de Poderes. No debemos olvidar el centralismo y autoritarismo que viv\u00eda el pa\u00eds, la hegemon\u00eda, y gracias a las aportaciones y a la lucha del PRD se pudo romper, por eso es importante no permitir regresiones\u201d, dijo.<\/p>\n<p>Antonio Soto revel\u00f3 que uno de los grandes retos del PRD es el proceso electoral venidero en Michoac\u00e1n en el 2021, cuando se renovar\u00e1n las diputaciones locales, federales, presidencias municipales y la gubernatura, no obstante, el perredismo michoacano est\u00e1 prepar\u00e1ndose para ser competitivo.<\/p>\n<p>\u201cYo estoy convencido de que en Michoac\u00e1n y en el pa\u00eds, podemos lograr con esfuerzo, organizaci\u00f3n, y dedicaci\u00f3n nuestros objetivos. Por eso, mi llamado es a los dirigentes municipales, a los simpatizantes, a quienes desean un mejor pa\u00eds, a trabajar con ah\u00ednco, que nos fortalezcamos rumbo al 2021 para que podamos retener la gubernatura del Estado, recuperar espacios que antes gobernaba el PRD, ali\u00e1ndonos con la ciudadan\u00eda y con las fuerzas progresistas de Michoac\u00e1n\u201d, finaliz\u00f3 Antonio Soto.<\/p>\n","protected":false},"excerpt":{"rendered":"<p>A lo largo de 30 a\u00f1os el Partido de la Revoluci\u00f3n Democr\u00e1tica (PRD), ha aportado al pa\u00eds grandes avances en materia pol\u00edtica, econ\u00f3mica y social. El M\u00e9xico de libertades, democr\u00e1tico, de la aut\u00e9ntica divisi\u00f3n de poderes y de respeto al voto, no se entender\u00eda sin su contribuci\u00f3n, subray\u00f3 Antonio Soto S\u00e1nchez, Presidente del Partido de [&hellip;]<\/p>\n","protected":false},"author":2,"featured_media":65632,"comment_status":"closed","ping_status":"closed","sticky":false,"template":"","format":"standard","meta":{"footnotes":""},"categories":[11],"tags":[],"class_list":["post-65631","post","type-post","status-publish","format-standard","has-post-thumbnail","hentry","category-partidos-politicos"],"_links":{"self":[{"href":"https:\/\/radiowebmx.com\/nota\/wp-json\/wp\/v2\/posts\/65631","targetHints":{"allow":["GET"]}}],"collection":[{"href":"https:\/\/radiowebmx.com\/nota\/wp-json\/wp\/v2\/posts"}],"about":[{"href":"https:\/\/radiowebmx.com\/nota\/wp-json\/wp\/v2\/types\/post"}],"author":[{"embeddable":true,"href":"https:\/\/radiowebmx.com\/nota\/wp-json\/wp\/v2\/users\/2"}],"replies":[{"embeddable":true,"href":"https:\/\/radiowebmx.com\/nota\/wp-json\/wp\/v2\/comments?post=65631"}],"version-history":[{"count":1,"href":"https:\/\/radiowebmx.com\/nota\/wp-json\/wp\/v2\/posts\/65631\/revisions"}],"predecessor-version":[{"id":65633,"href":"https:\/\/radiowebmx.com\/nota\/wp-json\/wp\/v2\/posts\/65631\/revisions\/65633"}],"wp:featuredmedia":[{"embeddable":true,"href":"https:\/\/radiowebmx.com\/nota\/wp-json\/wp\/v2\/media\/65632"}],"wp:attachment":[{"href":"https:\/\/radiowebmx.com\/nota\/wp-json\/wp\/v2\/media?parent=65631"}],"wp:term":[{"taxonomy":"category","embeddable":true,"href":"https:\/\/radiowebmx.com\/nota\/wp-json\/wp\/v2\/categories?post=65631"},{"taxonomy":"post_tag","embeddable":true,"href":"https:\/\/radiowebmx.com\/nota\/wp-json\/wp\/v2\/tags?post=65631"}],"curies":[{"name":"wp","href":"https:\/\/api.w.org\/{rel}","templated":true}]}}