{"id":65567,"date":"2019-07-04T13:50:33","date_gmt":"2019-07-04T18:50:33","guid":{"rendered":"https:\/\/radiowebmx.com\/nota\/?p=65567"},"modified":"2019-07-04T13:50:33","modified_gmt":"2019-07-04T18:50:33","slug":"expertos-y-analistas-urgieron-al-gobierno-definir-politica-migratoria","status":"publish","type":"post","link":"https:\/\/radiowebmx.com\/nota\/expertos-y-analistas-urgieron-al-gobierno-definir-politica-migratoria\/","title":{"rendered":"EXPERTOS Y ANALISTAS URGIERON AL GOBIERNO DEFINIR POL\u00cdTICA MIGRATORIA"},"content":{"rendered":"<p class=\"x_MsoNormal\"><span lang=\"ES-TRAD\">\u2022<b>En el Foro de discusi\u00f3n \u201cProblem\u00e1tica de migraci\u00f3n en el pa\u00eds\u201d organizado por la agrupaci\u00f3n Futuro 21 se debati\u00f3 sobre la pol\u00edtica entreguista del gobierno mexicano ante Estados Unidos\u00a0 <\/b><\/span><\/p>\n<p class=\"x_MsoNormal\"><span lang=\"ES-TRAD\">\u00a0<\/span><\/p>\n<p class=\"x_MsoNormal\"><span lang=\"ES-TRAD\">La agrupaci\u00f3n Futuro 21, dirigentes del PRD y expertos en el tema migratorios urgieron al Gobierno Federal definir una pol\u00edtica migratoria que respete la normatividad internacional y los derechos humanos a fin de resolver el fen\u00f3meno migratorio que enfrenta el pa\u00eds, ya que aseguraron la pol\u00edtica exterior actual se ha caracterizado por ser entreguista y d\u00e9bil ante el gobierno de Estados Unidos.<\/span><\/p>\n<p class=\"x_MsoNormal\"><span lang=\"ES-TRAD\">\u00a0<\/span><\/p>\n<p class=\"x_MsoNormal\"><span lang=\"ES-TRAD\">Durante el foro \u201cProblem\u00e1tica de migraci\u00f3n en el pa\u00eds\u201d, la integrante de la DNE, Estephany Santiago, reiter\u00f3\u00a0 que para atender la problem\u00e1tica migratoria, el pa\u00eds necesita\u00a0 acciones de mejora y no solamente ocurrencias ma\u00f1aneras, por lo que resalt\u00f3 que este tipo de espacios abiertos a la ciudadan\u00eda donde se inicie la conciliaci\u00f3n de propuestas que construyan los ciudadanos a partir de la sensibilidad del conocimiento y los ejes de acci\u00f3n.<\/span><\/p>\n<p class=\"x_MsoNormal\"><span lang=\"ES-TRAD\">\u00a0<\/span><\/p>\n<p class=\"x_MsoNormal\"><span lang=\"ES-TRAD\">En su intervenci\u00f3n, Jos\u00e9 Luis Guti\u00e9rrez P\u00e9rez, actual titular de la Secretar\u00eda del Migrante en el estado de Michoac\u00e1n, lament\u00f3 que los cerca de 37 millones de mexicanos que viven el Estados Unidos\u00a0 sientan una gran desesperanza y abandono ante la nula transformaci\u00f3n del gobierno mexicano y la desaparici\u00f3n de programas como el Fondo del Apoyo a Migrantes, 3 x 1 para migrantes, entre otros. <\/span><\/p>\n<p class=\"x_MsoNormal\"><span lang=\"ES-TRAD\">\u00a0<\/span><\/p>\n<p class=\"x_MsoNormal\"><span lang=\"ES-TRAD\">\u201cTenemos que hacer un acompa\u00f1amiento, si hablan con la comunidad migrante se percibe el enojo y molestia ante el abandono del gobierno mexicano. El 82 % de los mexicanos en Estados Unidos votaron por AMLO, hoy si hacen una encuesta los resultados ser\u00edan diferentes\u201d, expres\u00f3.<\/span><\/p>\n<p class=\"x_MsoNormal\"><span lang=\"ES-TRAD\">\u00a0<\/span><\/p>\n<p class=\"x_MsoNormal\"><span lang=\"ES-TRAD\">Cuestion\u00f3 los acuerdos y las negociaciones que estableci\u00f3 el gobierno federal con el pa\u00eds del norte, \u201ces penoso el nivel de negociaci\u00f3n, se requiere una mayor corresponsabilidad de Estados Unidos ya que M\u00e9xico no tiene la capacidad para albergar los flujos migratorios. Habr\u00eda que redefinir la estrategia migratoria y establecer un gran di\u00e1logo, ya no puede ser de ocurrencias\u201d, refiri\u00f3 el especialista.<\/span><\/p>\n<p class=\"x_MsoNormal\"><span lang=\"ES-TRAD\">\u00a0<\/span><\/p>\n<p class=\"x_MsoNormal\"><span lang=\"ES-TRAD\">En ese sentido,\u00a0 urgi\u00f3 definir una pol\u00edtica migratoria ya que no existe una estrategia para apapachar a los migrantes en Estados Unidos, \u201cpromover el sentido de pertenec\u00eda, ver a los mexicanos como aliados\u201d, dijo.<\/span><\/p>\n<p class=\"x_MsoNormal\"><span lang=\"ES-TRAD\">\u00a0<\/span><\/p>\n<p class=\"x_MsoNormal\"><span lang=\"ES-TRAD\">En su momento, el economista internacionalista y escritor Rodolfo Higareda se\u00f1al\u00f3 que nunca en la historia del pa\u00eds se hab\u00eda presenciado una pol\u00edtica exterior tan entreguista, tan d\u00e9bil, con una posici\u00f3n de \u201cmanos dobladas\u201d ante el gobierno de Washington.<\/span><\/p>\n<p class=\"x_MsoNormal\"><span lang=\"ES-TRAD\">\u00a0<\/span><\/p>\n<p class=\"x_MsoNormal\"><span lang=\"ES-TRAD\">\u201cQuienes nos dedicamos al estudio de la relaci\u00f3n bilateral nos dicen que debe ser una relaci\u00f3n asim\u00e9trica, sin embargo, este gobierno super\u00f3 lo m\u00e1s bajo a lo que pod\u00edamos llegar, no hubo carta de negociaci\u00f3n\u201d, subray\u00f3.<\/span><\/p>\n<p class=\"x_MsoNormal\"><span lang=\"ES-TRAD\">\u00a0<\/span><\/p>\n<p class=\"x_MsoNormal\"><span lang=\"ES-TRAD\">En tanto, el escritor y analista de derechos humanos Gustavo Hirales, asever\u00f3 que la legislaci\u00f3n mexicana es muy clara al se\u00f1alar que hay una responsabilidad compartida con los gobiernos de los diversos pa\u00edses involucrados en el tema migratorio, sin embargo, en el caso de Estados Unidos no parece asuma su compromiso y s\u00f3lo ejerce presi\u00f3n hacia el gobierno mexicano. <\/span><\/p>\n<p class=\"x_MsoNormal\"><span lang=\"ES-TRAD\">\u00a0<\/span><\/p>\n<p class=\"x_MsoNormal\"><span lang=\"ES-TRAD\">Afirm\u00f3 que la migraci\u00f3n es un fen\u00f3meno hist\u00f3rico y social muy viejo que se ha agudizado debido a que la globalizaci\u00f3n acent\u00faa las diferencias de las distintas econom\u00edas del mundo dejando al descubierto las regiones m\u00e1s o menos desarrolladas.<\/span><\/p>\n<p class=\"x_MsoNormal\"><span lang=\"ES-TRAD\">\u00a0<\/span><\/p>\n<p class=\"x_MsoNormal\"><span lang=\"ES-TRAD\">Por su parte, el ex presidente del PRD, Jes\u00fas Zambrano expres\u00f3 que el papel del gobierno mexicano ha sido totalmente negativo desde la perspectiva de una visi\u00f3n progresista, ya que el gobierno de L\u00f3pez Obrador se mueve sobre las bases de las encuestas. \u201cSu pol\u00edtica de estado no es la visi\u00f3n de un verdadero estadista\u201d, se\u00f1al\u00f3.<\/span><\/p>\n<p class=\"x_MsoNormal\"><span lang=\"ES-TRAD\">\u00a0<\/span><\/p>\n<p class=\"x_MsoNormal\"><span lang=\"ES-TRAD\">Stephanie S\u00e1nchez, especialista en derecho migratorio, argument\u00f3 que actualmente no se respetan los derechos b\u00e1sicos de los migrantes, \u201cse les priva de la libertad por una falta administrativa por un m\u00e1ximo de 36 horas, cuando no es un delito ser migrante; sin embargo, pese a la ley, hay personas que han pasado hasta 2 a\u00f1os privados de libertad\u201d.<\/span><\/p>\n<p class=\"x_MsoNormal\"><span lang=\"ES-TRAD\">\u00a0<\/span><\/p>\n<p class=\"x_MsoNormal\"><span lang=\"ES-TRAD\">Finalmente, el respeto de los derechos humanos de los migrantes es una causa que el PRD ha impulsado f\u00e9rreamente, \u201ceste instituto pol\u00edtico ha buscado generar las condiciones y las garant\u00edas para nuestro hermanos, hermanas migrantes y nuestros compatriotas que viven en el pa\u00eds del norte\u201d.<\/span><\/p>\n","protected":false},"excerpt":{"rendered":"<p>\u2022En el Foro de discusi\u00f3n \u201cProblem\u00e1tica de migraci\u00f3n en el pa\u00eds\u201d organizado por la agrupaci\u00f3n Futuro 21 se debati\u00f3 sobre la pol\u00edtica entreguista del gobierno mexicano ante Estados Unidos\u00a0 \u00a0 La agrupaci\u00f3n Futuro 21, dirigentes del PRD y expertos en el tema migratorios urgieron al Gobierno Federal definir una pol\u00edtica migratoria que respete la normatividad [&hellip;]<\/p>\n","protected":false},"author":2,"featured_media":65568,"comment_status":"closed","ping_status":"closed","sticky":false,"template":"","format":"standard","meta":{"footnotes":""},"categories":[11],"tags":[],"class_list":["post-65567","post","type-post","status-publish","format-standard","has-post-thumbnail","hentry","category-partidos-politicos"],"_links":{"self":[{"href":"https:\/\/radiowebmx.com\/nota\/wp-json\/wp\/v2\/posts\/65567","targetHints":{"allow":["GET"]}}],"collection":[{"href":"https:\/\/radiowebmx.com\/nota\/wp-json\/wp\/v2\/posts"}],"about":[{"href":"https:\/\/radiowebmx.com\/nota\/wp-json\/wp\/v2\/types\/post"}],"author":[{"embeddable":true,"href":"https:\/\/radiowebmx.com\/nota\/wp-json\/wp\/v2\/users\/2"}],"replies":[{"embeddable":true,"href":"https:\/\/radiowebmx.com\/nota\/wp-json\/wp\/v2\/comments?post=65567"}],"version-history":[{"count":1,"href":"https:\/\/radiowebmx.com\/nota\/wp-json\/wp\/v2\/posts\/65567\/revisions"}],"predecessor-version":[{"id":65569,"href":"https:\/\/radiowebmx.com\/nota\/wp-json\/wp\/v2\/posts\/65567\/revisions\/65569"}],"wp:featuredmedia":[{"embeddable":true,"href":"https:\/\/radiowebmx.com\/nota\/wp-json\/wp\/v2\/media\/65568"}],"wp:attachment":[{"href":"https:\/\/radiowebmx.com\/nota\/wp-json\/wp\/v2\/media?parent=65567"}],"wp:term":[{"taxonomy":"category","embeddable":true,"href":"https:\/\/radiowebmx.com\/nota\/wp-json\/wp\/v2\/categories?post=65567"},{"taxonomy":"post_tag","embeddable":true,"href":"https:\/\/radiowebmx.com\/nota\/wp-json\/wp\/v2\/tags?post=65567"}],"curies":[{"name":"wp","href":"https:\/\/api.w.org\/{rel}","templated":true}]}}