{"id":6556,"date":"2014-04-09T11:13:31","date_gmt":"2014-04-09T16:13:31","guid":{"rendered":"https:\/\/radiowebmx.com\/nota\/?p=6556"},"modified":"2014-04-09T11:13:31","modified_gmt":"2014-04-09T16:13:31","slug":"realizan-jornadas-de-divulgacion-de-la-ciencia-y-la-tecnologia","status":"publish","type":"post","link":"https:\/\/radiowebmx.com\/nota\/realizan-jornadas-de-divulgacion-de-la-ciencia-y-la-tecnologia\/","title":{"rendered":"REALIZAN JORNADAS DE DIVULGACI\u00d3N DE LA CIENCIA Y LA TECNOLOG\u00cdA"},"content":{"rendered":"<p>La Direcci\u00f3n General de Desarrollo e Investigaci\u00f3n Educativa realiza este 8 y 9 de abril, las Jornadas de Divulgaci\u00f3n de Ciencia y Tecnolog\u00eda 2014, que tienen lugar en el Planetario de Morelia \u201cLic. Felipe Rivera\u201d.<\/p>\n<p>&nbsp;<\/p>\n<p>Este evento que se desarrolla en el marco del Proyecto Estrat\u00e9gico Interinstitucional de Divulgaci\u00f3n de la Ciencia y la Tecnolog\u00eda \u201c\u00a1Ciencia en Acci\u00f3n!\u201d, tiene como prop\u00f3sito acercar a los estudiantes de educaci\u00f3n B\u00e1sica, Media Superior y a la sociedad en general al conocimiento de la ciencia y la tecnolog\u00eda de manera l\u00fadica, sin perder la rigurosidad de los conceptos y procesos.<\/p>\n<p>&nbsp;<\/p>\n<p>La inauguraci\u00f3n formal estuvo a cargo de Manuel Salvador Saavedra Regalado, director general de Desarrollo e Investigaci\u00f3n Educativa, quien resalt\u00f3 que en estas jornadas se abordan diversos temas, conceptos y fen\u00f3menos en las diferentes modalidades de divulgaci\u00f3n, con la participaci\u00f3n activa de estudiantes, profesores y usuarios.<\/p>\n<p>&nbsp;<\/p>\n<p>Durante las actividades se promueve una cultura de la ciencia y la tecnolog\u00eda tanto en conocimiento, uso y aplicaci\u00f3n en la vida cotidiana como en la comprensi\u00f3n del potencial de esta \u00e1rea de conocimiento, as\u00ed como en la atenci\u00f3n a problemas que afectan a la sociedad.<\/p>\n<p>&nbsp;<\/p>\n<p>Se presenta a este \u00e1mbito como un producto social cuyos conocimientos cl\u00e1sicos, nuevos descubrimientos y avances son abordados por investigadores, divulgadores y acad\u00e9micos pertenecientes a institutos, centros de investigaci\u00f3n, instituciones de educaci\u00f3n superior y organizaciones de la sociedad civil, que se han sumado a este proyecto estrat\u00e9gico desde su \u00e1rea de conocimiento.<\/p>\n<p>&nbsp;<\/p>\n<p>Por su parte, Javier Cruz Mandujano, coordinador de este evento, mencion\u00f3 que durante estas Jornadas se imparten conferencias, se desarrollan talleres cient\u00edficos, proyecciones, exhibici\u00f3n de prototipos y demostraciones experimentales, as\u00ed como una \u201cnoche astron\u00f3mica\u201d.<\/p>\n<p>&nbsp;<\/p>\n<p>Ante la presencia de autoridades como el subsecretario de Educaci\u00f3n B\u00e1sica, Cuitl\u00e1huac Contreras \u00cd\u00f1iguez; la directora del CREFAL, Mercedes Calder\u00f3n Garc\u00eda y el director de Astronom\u00eda de la UNAM, Luis Felipe Rivera Jorge, por mencionar algunos, el coordinador de las jornadas destac\u00f3 la importancia de que las instituciones de Nivel Superior vinculen sus investigaciones con la sociedad y la ni\u00f1ez, en especial.<\/p>\n<p>&nbsp;<\/p>\n<p>Las Jornadas de Divulgaci\u00f3n de Ciencia y Tecnolog\u00eda se replicar\u00e1n en\u00a0 Churumuco los d\u00edas\u00a0 5 y 6 de Junio; en Tuzantla el 4 y 5 de septiembre y en Nocup\u00e9taro el 2 y 3 de septiembre de 2014, por lo que se espera atender a m\u00e1s de 6 mil estudiantes de los niveles de educaci\u00f3n Preescolar, Primaria, Secundaria y Media Superior, as\u00ed como a profesores, quienes de manera programada participar\u00e1n en las diferentes modalidades, y a la sociedad en general, toda vez que la invitaci\u00f3n est\u00e1 abierta a todo el p\u00fablico interesado en esta tem\u00e1tica.<\/p>\n<p>&nbsp;<\/p>\n<p>Las actividades se realizan en colaboraci\u00f3n con el Centro de Investigaciones en Geograf\u00eda Ambiental (CIGA), el Centro de Radioastronom\u00eda y Astrof\u00edsica (CRYA) de la UNAM Campus Morelia; las Facultades de Biolog\u00eda, Ingenier\u00eda Civil, Electr\u00f3nica, Mec\u00e1nica, Odontolog\u00eda, Medicina, Qu\u00edmico Farmacobiolog\u00eda y el Instituto de F\u00edsica y Matem\u00e1ticas que forman parte de la Universidad Michoacana de San Nicol\u00e1s de Hidalgo (UMSNH).<\/p>\n<p>&nbsp;<\/p>\n<p>As\u00ed como el Programa Adopte Un Talento (PAUTA); el CREFAL de P\u00e1tzcuaro; el Centro de Investigaci\u00f3n Interdisciplinario y Desarrollo Regional (CIIDIR) del IPN ubicado en Jiquilpan; el Instituto Tecnol\u00f3gico Regional de Morelia; el Instituto Tecnol\u00f3gico de Monterrey, Campus Morelia; la Academia Michoacana de Ciencias A.C. y, el Centro de Convenciones y Exposiciones de Morelia (CECONEXPO), a trav\u00e9s del Planetario de Morelia \u201cLic. Felipe Rivera\u201d.<\/p>\n","protected":false},"excerpt":{"rendered":"<p>La Direcci\u00f3n General de Desarrollo e Investigaci\u00f3n Educativa realiza este 8 y 9 de abril, las Jornadas de Divulgaci\u00f3n de Ciencia y Tecnolog\u00eda 2014, que tienen lugar en el Planetario de Morelia \u201cLic. Felipe Rivera\u201d.<\/p>\n","protected":false},"author":1,"featured_media":0,"comment_status":"open","ping_status":"open","sticky":false,"template":"","format":"standard","meta":{"footnotes":""},"categories":[3],"tags":[],"class_list":["post-6556","post","type-post","status-publish","format-standard","hentry","category-gobierno-del-estado-de-michoacan"],"_links":{"self":[{"href":"https:\/\/radiowebmx.com\/nota\/wp-json\/wp\/v2\/posts\/6556","targetHints":{"allow":["GET"]}}],"collection":[{"href":"https:\/\/radiowebmx.com\/nota\/wp-json\/wp\/v2\/posts"}],"about":[{"href":"https:\/\/radiowebmx.com\/nota\/wp-json\/wp\/v2\/types\/post"}],"author":[{"embeddable":true,"href":"https:\/\/radiowebmx.com\/nota\/wp-json\/wp\/v2\/users\/1"}],"replies":[{"embeddable":true,"href":"https:\/\/radiowebmx.com\/nota\/wp-json\/wp\/v2\/comments?post=6556"}],"version-history":[{"count":1,"href":"https:\/\/radiowebmx.com\/nota\/wp-json\/wp\/v2\/posts\/6556\/revisions"}],"predecessor-version":[{"id":6557,"href":"https:\/\/radiowebmx.com\/nota\/wp-json\/wp\/v2\/posts\/6556\/revisions\/6557"}],"wp:attachment":[{"href":"https:\/\/radiowebmx.com\/nota\/wp-json\/wp\/v2\/media?parent=6556"}],"wp:term":[{"taxonomy":"category","embeddable":true,"href":"https:\/\/radiowebmx.com\/nota\/wp-json\/wp\/v2\/categories?post=6556"},{"taxonomy":"post_tag","embeddable":true,"href":"https:\/\/radiowebmx.com\/nota\/wp-json\/wp\/v2\/tags?post=6556"}],"curies":[{"name":"wp","href":"https:\/\/api.w.org\/{rel}","templated":true}]}}