{"id":6552,"date":"2014-04-09T10:57:49","date_gmt":"2014-04-09T15:57:49","guid":{"rendered":"https:\/\/radiowebmx.com\/nota\/?p=6552"},"modified":"2014-04-09T10:57:49","modified_gmt":"2014-04-09T15:57:49","slug":"anuncian-programacion-del-2o-festival-nacional-de-folklore-infantil","status":"publish","type":"post","link":"https:\/\/radiowebmx.com\/nota\/anuncian-programacion-del-2o-festival-nacional-de-folklore-infantil\/","title":{"rendered":"ANUNCIAN PROGRAMACI\u00d3N DEL 2o. FESTIVAL NACIONAL DE FOLKLORE INFANTIL"},"content":{"rendered":"<p><a href=\"https:\/\/radiowebmx.com\/nota\/wp-content\/uploads\/2014\/04\/tn_IMG_6022_Rueda-de-prensa-2o-festival-infantil-de-folklore-Nacional.jpg\"><img loading=\"lazy\" decoding=\"async\" class=\"alignleft size-full wp-image-6553\" alt=\"tn_IMG_6022_Rueda de prensa 2o festival infantil de folklore Nacional\" src=\"https:\/\/radiowebmx.com\/nota\/wp-content\/uploads\/2014\/04\/tn_IMG_6022_Rueda-de-prensa-2o-festival-infantil-de-folklore-Nacional.jpg\" width=\"591\" height=\"305\" \/><\/a>Con el prop\u00f3sito de reunir a los mejores grupos de danza y baile regional infantil del pa\u00eds para mostrarlos al p\u00fablico michoacano, del 11 al 13 de abril,\u00a0 Nemachtilcalli A.C. en coordinaci\u00f3n con las Secretar\u00edas de Cultura y de Turismo del Gobierno de Michoac\u00e1n, y el Ballet Folkl\u00f3rico \u201cCoyucan\u201d, organizan el 2o. <a name=\"_GoBack\"><\/a>Festival Nacional de Folklore Infantil a desarrollarse en la Plaza Valladolid y el Teatro Morelos en Morelia; y en el municipio de Quer\u00e9ndaro como subsede, con agrupaciones michoacanas, e invitadas provenientes de Coahuila, Hidalgo y Puebla.<\/p>\n<p>En conferencia de prensa, Alejandro Cuauht\u00e9moc Sol\u00eds Garc\u00eda, presidente municipal de Quer\u00e9ndaro, extern\u00f3 su inter\u00e9s por ampliar las actividades culturales en todas las comunidades de dicha demarcaci\u00f3n en beneficio de la poblaci\u00f3n, de ah\u00ed que se sume como subsede del proyecto art\u00edstico.<\/p>\n<p>Efra\u00edn Hern\u00e1ndez Farf\u00e1n, presidente de Nemachtilcalli, indic\u00f3 que dicha asociaci\u00f3n civil busca desarrollar programas y proyectos nacionales enfocados al fortalecimiento de la cultura en Michoac\u00e1n para diversificar el potencial art\u00edstico de la entidad.<\/p>\n<p>Ram\u00f3n Orozco Vel\u00e1zquez, coordinador general del festival, indic\u00f3 que con dicha actividad se pretende fomentar el gusto por la danza y la m\u00fasica regional de nuestro pa\u00eds entre la poblaci\u00f3n, especialmente en el sector infantil. Se busca reforzar en los ni\u00f1os valores como la identidad nacional, el cuidado del ambiente, el respeto por la naturaleza, amar el arte, el trabajo en equipo y propiciar la paz.<\/p>\n<p>El festival conjuntar\u00e1 la participaci\u00f3n de 300 ni\u00f1os procedentes de los estados invitados, quienes tendr\u00e1n la oportunidad de convivir e intercambiar experiencias.<\/p>\n<p>\u00danico en su g\u00e9nero a nivel estatal, el festival se desarrollar\u00e1 los d\u00edas 11 y 12, en la Plaza Valladolid en Morelia a las 18:00 horas. El s\u00e1bado 12, en Quer\u00e9ndaro, se presentar\u00e1n las agrupaciones de Puebla y de Coahuila. El 13 de abril, la actividad se efectuar\u00e1 en el Teatro Morelos a las 18:00 horas. Todas las presentaciones\u00a0 ser\u00e1n gratuitas. \u00a0Se espera la asistencia en cada funci\u00f3n de alrededor de mil 500 espectadores.<\/p>\n<p>&nbsp;<\/p>\n<p>&nbsp;<\/p>\n<p>&nbsp;<\/p>\n<p>&nbsp;<\/p>\n<p>Con el fin de incluir a otros sectores de la poblaci\u00f3n en estado de vulnerabilidad, se llevar\u00e1 a cabo una funci\u00f3n especial en la Casa Cuna del DIF estatal, el s\u00e1bado 12 de abril a las 10:00 horas.<\/p>\n<p>El coordinador general del Festival Nacional de Folklore Infantil, explic\u00f3 que se espera la asistencia de una gran audiencia y cumplir con todos los requisitos establecidos por el Consejo Internacional de Organizaciones de Festivales de Folklore y Artes Tradicionales, organismo que otorgar\u00e1 la acreditaci\u00f3n al festival y con ello le brindar\u00e1 mayores posibilidades de difusi\u00f3n en otros foros.<\/p>\n","protected":false},"excerpt":{"rendered":"<p>Con el prop\u00f3sito de reunir a los mejores grupos de danza y baile regional infantil del pa\u00eds para mostrarlos al p\u00fablico michoacano, del 11 al 13 de abril,  Nemachtilcalli A.C. en coordinaci\u00f3n con las Secretar\u00edas de Cultura y de Turismo del Gobierno de Michoac\u00e1n, y el Ballet Folkl\u00f3rico \u201cCoyucan\u201d, <\/p>\n","protected":false},"author":1,"featured_media":0,"comment_status":"open","ping_status":"open","sticky":false,"template":"","format":"standard","meta":{"footnotes":""},"categories":[14,3],"tags":[],"class_list":["post-6552","post","type-post","status-publish","format-standard","hentry","category-destacadas","category-gobierno-del-estado-de-michoacan"],"_links":{"self":[{"href":"https:\/\/radiowebmx.com\/nota\/wp-json\/wp\/v2\/posts\/6552","targetHints":{"allow":["GET"]}}],"collection":[{"href":"https:\/\/radiowebmx.com\/nota\/wp-json\/wp\/v2\/posts"}],"about":[{"href":"https:\/\/radiowebmx.com\/nota\/wp-json\/wp\/v2\/types\/post"}],"author":[{"embeddable":true,"href":"https:\/\/radiowebmx.com\/nota\/wp-json\/wp\/v2\/users\/1"}],"replies":[{"embeddable":true,"href":"https:\/\/radiowebmx.com\/nota\/wp-json\/wp\/v2\/comments?post=6552"}],"version-history":[{"count":2,"href":"https:\/\/radiowebmx.com\/nota\/wp-json\/wp\/v2\/posts\/6552\/revisions"}],"predecessor-version":[{"id":6555,"href":"https:\/\/radiowebmx.com\/nota\/wp-json\/wp\/v2\/posts\/6552\/revisions\/6555"}],"wp:attachment":[{"href":"https:\/\/radiowebmx.com\/nota\/wp-json\/wp\/v2\/media?parent=6552"}],"wp:term":[{"taxonomy":"category","embeddable":true,"href":"https:\/\/radiowebmx.com\/nota\/wp-json\/wp\/v2\/categories?post=6552"},{"taxonomy":"post_tag","embeddable":true,"href":"https:\/\/radiowebmx.com\/nota\/wp-json\/wp\/v2\/tags?post=6552"}],"curies":[{"name":"wp","href":"https:\/\/api.w.org\/{rel}","templated":true}]}}