{"id":6542,"date":"2014-04-08T13:16:23","date_gmt":"2014-04-08T18:16:23","guid":{"rendered":"https:\/\/radiowebmx.com\/nota\/?p=6542"},"modified":"2014-04-08T13:17:40","modified_gmt":"2014-04-08T18:17:40","slug":"temas-de-cafe-125","status":"publish","type":"post","link":"https:\/\/radiowebmx.com\/nota\/temas-de-cafe-125\/","title":{"rendered":"TEMAS DE CAF\u00c9"},"content":{"rendered":"<ul>\n<li><a href=\"https:\/\/radiowebmx.com\/nota\/wp-content\/uploads\/2013\/06\/temas-de-cafe.jpg\"><img loading=\"lazy\" decoding=\"async\" class=\"alignleft size-full wp-image-2805\" alt=\"temas de cafe\" src=\"https:\/\/radiowebmx.com\/nota\/wp-content\/uploads\/2013\/06\/temas-de-cafe.jpg\" width=\"295\" height=\"171\" \/><\/a>JOAQUIN Y MEMO GUZMAN<\/li>\n<li>MARCOS\u00a0 VINICIO, ELEGIDO<\/li>\n<li>EXISTEN INDICIOS: M.KARAM<\/li>\n<li>JESUS REYNA, SE AMPARO<\/li>\n<\/ul>\n<p>La historia hasta ayer se ha escrito de la siguiente manera: Joaqu\u00edn L\u00f3pez D\u00f3riga escribi\u00f3 en su cuenta de Twitter, \u00a0cerca del medio d\u00eda que el gobernador del estado, hab\u00eda designado a Marcos Vinicio Aguilera, como secretario de gobierno, encargado del despacho horas m\u00e1s tarde, el jefe del gabinete Guillermo Guzm\u00e1n, entreg\u00f3 a Marcos su nombramiento, en sustituci\u00f3n de Jes\u00fas Reyna, quien estaba arraigado por 40 d\u00edas, por haberle encontrado posibles indicios, de que se hab\u00eda reunido en dos ocasiones con Servando G\u00f3mez La Tuta. En julio y\u00a0 octubre en las elecciones pasadas. Adem\u00e1s tomaron en cuenta las declaraciones del Manny, colaborador cercano de Enrique Plancarte, quien actualmente \u2013el Manny-se encuentra detenido en Matamoros.<\/p>\n<p>EN MEXICO EXISTE LA PRESUNCION DE INOCENCIA<\/p>\n<p>Es natural mucha gente del \u00e1mbito pol\u00edtico en Michoac\u00e1n, se encuentra contenta y tiene raz\u00f3n, porque el grupo pol\u00edtico al cual pertenece Jes\u00fas Reyna, ha estado en el poder desde hace unos 35 a\u00f1os o m\u00e1s, pr\u00e1cticamente desde\u00a0 Jos\u00e9 Servando Ch\u00e1vez, despu\u00e9s con Torres Manzo, y tal vez solamente tuvieron un respiro con Cuauht\u00e9moc C\u00e1rdenas, despu\u00e9s Ausencio Ch\u00e1vez, con Tinoco Rub\u00ed muy poco o nada,\u00a0 porque regresaron con L\u00e1zaro C\u00e1rdenas Batel, en los 6 a\u00f1os, Jes\u00fas fue algo as\u00ed como\u00a0 vice gobernador virtual, y con Leonel Godoy tuvo poca relaci\u00f3n, pero siempre su grupo ha estado al frente del PRI estatal. En ese y tiempo ha lastimado a mucha gente, la cual ahora l\u00f3gicamente se congratula con su ca\u00edda.<\/p>\n<p>MURILLO KARAM: INDICIOS DE DOS REUNIONES<\/p>\n<p>Ayer por la tarde el Procurador de Justicia de la Naci\u00f3n, Jes\u00fas Murillo Karam quien ha estado al tanto de la investigaci\u00f3n, dijo en conferencia de prensa, que efectivamente se encontraron indicios, de que Jes\u00fas Reyna se reuni\u00f3 con Servando G\u00f3mez y Nazario en dos ocasiones, en las elecciones pasadas, en julio y en octubre solamente eso dijo, no m\u00e1s sobre el asunto, adem\u00e1s se dio a conocer que tambi\u00e9n se tomaron en cuenta, las declaraciones del Manny, cercano colaborador de Enrique Plancarte, quien nunca lo vio, pero dijo que se refer\u00edan a \u00e9l como el Licenciado.<\/p>\n<p>JESUS REYNA AYER MISMO SE AMPARO<\/p>\n<p>Tambi\u00e9n\u00a0 se dio a conocer que los abogados de Jes\u00fas, \u00a0interpusieron un amparo a favor de Jes\u00fas Reyna, para primero que no\u00a0 sea incomunicado durante el arraigo, dos que no se consigne averiguaci\u00f3n previa en su contra, y tres que no se embarguen sus bienes durante el tiempo que permanezca arraigado. En cuanto al arraigo de los 40 d\u00edas, significa, que la Procuradur\u00eda no ten\u00eda todo preparado en su contra, cuando fue presentado o sea las pruebas, no eran \u00a0suficientes por lo cual tuvo que solicitar el arraigo, y es que las pruebas que se tienen en su contra, a\u00fan no son contundentes mientras tanto, muchos comentaristas \u00a0ya lo juzgaron, lo sentenciaron y ejecutaron, \u00a0habr\u00e1 que esperar a que la autoridad se\u00f1ale cargos y despu\u00e9s sea juzgado.<\/p>\n<p>FUE UN COMPROMISO CON EL COMISIONADO: MIRELES<\/p>\n<p>Mientras tanto Jos\u00e9 Manuel Mireles, \u00a0quien ha sido designado \u00fanico\u00a0 vocero de las autodefensas en Michoac\u00e1n, las cuales estoan en franca rebeli\u00f3n, dijo que el caso contra Jes\u00fas Reyna, fue acordado con el comisionado Alfredo Castillo Cervantes, en la poblaci\u00f3n de Tepalcatepec, igual que varios personajes m\u00e1s, por lo cual aumenta el comentario entre ciertos lugares, de que Jes\u00fas Reyna constantemente, ten\u00eda fricciones con el Comisionado, quien no guardaba las formas al gobierno del estado, y hac\u00eda muchas cosas\u00a0 sin ponerlas a consideraci\u00f3n, del gobernador Fausto Vallejo en quien radica la legalidad.<\/p>\n<p>ELIAS ALVAREZ Y JUAN GARCIA BRAVO ASESOR<\/p>\n<p>La informaci\u00f3n \u00a0en que se basan para afirmar, sobre las presuntas reuniones de Jes\u00fas Reyna y varios personajes m\u00e1s, los cuales dio a conocer Luisa Mar\u00eda Calder\u00f3n hace\u00a0 algunos meses, se basa en un informe realizado por Juan Garc\u00eda Bravo, quien fue asesor de El\u00edas Alvarez quien como usted recordar\u00e1, fue Secretario\u00a0 de Seguridad, en los primeros meses del gobierno de Fausto Vallejo, supuestamente El\u00edas encarg\u00f3 a su asesor investigar, ese fue el resultado y hace unos meses El\u00edas emiti\u00f3 una carta, donde niega totalmente el contenido de este carta. Total habr\u00e1 que esperar m\u00e1s historias.<\/p>\n<p>LA PREGUNTA ES: \u00bfPORQUE JOAQUIN LOPEZ DORIGA?<\/p>\n<p>Despu\u00e9s de conocer por medio de Joaqu\u00edn L\u00f3pez D\u00f3riga, que Marcos Vinicio Aguilera, ser\u00eda el secretario de gobierno, en sustituci\u00f3n de Jes\u00fas Reyna, surgieron las preguntas entre los morelianos: \u00bfPor qu\u00e9 se dio a conocer all\u00e1 primero que aqu\u00ed?. \u00bfAcaso fue una imposici\u00f3n del Centro?, Porque mire usted Marco Vinicio es un personaje que se ha desenvuelto en toda su carrera profesional en nuestro medio, hasta hace unos cuantos a\u00f1os no era nadie, porque ha sido agente del ministerio\u00a0 p\u00fablico en Morelia y Uruapan, consejero electoral propietario del comit\u00e9 distrital de Morelia sureste, maestro en la Latina de Am\u00e9rica, trabaj\u00f3 en el Banco Internacional, en Banca M\u00faltiple del Grupo Financiero, adem\u00e1s subprocurador y procurador por unos d\u00edas, y subsecretario de enlace\u00a0 legislativo. No es priista y no conoce nada de pol\u00edtica. Podr\u00eda ser el m\u00e1s d\u00f3cil Secretario que ha tenido Michoac\u00e1n en su historia.<\/p>\n<p>EN ESTA SEMANA RELEVO EN EL PRI ESTATAL<\/p>\n<p>Parece que por fin habr\u00e1 relevo en PRI estatal, Oswaldo Fern\u00e1ndez todo hace parecer ha cumplido su ciclo en el Comit\u00e9 Estatal del Tricolor, y nos comentan que bien podr\u00eda llegar a la dirigencia estatal, un ex gobernador del Estado, quien parece ya recibi\u00f3 el visto bueno de la dirigencia nacional, despu\u00e9s de que la aceptaron sus condiciones, que puso para poder dirigir al priismo estatal, por lo cual se considera que podr\u00eda iniciar esta misma semana, una nueva etapa en el priismo michoacano, ya veremos si es cierto que el ex gobernador del estado, viene a poner orden en las filas del tricolor.<\/p>\n<p>EL ACTO A ZAPATA EN PANJAMILLO A LAS ONCE<\/p>\n<p>Por fin ya se aclar\u00f3 la situaci\u00f3n, si habr\u00e1 acto c\u00edvico luctuoso al general\u00a0 Emiliano Zapata, pero no ser\u00e1 por lo menos el acto central en \u00a0Cuatro Caminos, ante la estatua ecuestre del luchador agrario m\u00e1s importante, que tiene M\u00e9xico ah\u00ed en el coraz\u00f3n de la Tierra Caliente michoacana, en el municipio de Nueva Italia ah\u00ed solamente el gobernador del estado, Fausto Vallejo realizar\u00e1 una ofrenda floral y guardia de honor, acompa\u00f1ado de algunos de sus colaboradores y autoridades municipales, a las nueve de la ma\u00f1ana.<\/p>\n<p>De ah\u00ed seguir\u00e1 su vuelo hacia el coraz\u00f3n del Baj\u00edo Michoacano, porque el acto central a Emiliano Zapata, ser\u00e1 a la\u00a0 once de la ma\u00f1ana en Penjamillo, regi\u00f3n que ha dado varios luchadores agrarios, por lo cual se cumple el requisito de realizar el acto a Zapata, en una tierra que se ha caracterizado por aplicar los ideales de Zapata, ah\u00ed los campesinos de\u00a0 Michoac\u00e1n, organizados, en la CNC de Roberto Carlos y Vicente Estrada, le rendir\u00e1n honores al general Emiliano Zapata, que fue el art\u00edfice de la lucha agraria, ah\u00ed se realizar\u00e1 el acto c\u00edvico luctuoso, para recordar el 95 aniversario de la muerte del pr\u00f3cer, quien cay\u00f3 abatido por las balas traicioneras de Guajardo en la hacienda de Chinameca.<\/p>\n<p>ORLANDO VALLEJO BUSCA LA RECTORIA DE LA UNIVERSIDAD<\/p>\n<p>La huelga loca que se present\u00f3 en la Universidad Michoacana, fue por la lucha por la rector\u00eda del a\u00f1o entrante, de la Universidad Michoacana, hay dos aspirantes uno apoyado por el SPUM, Orlando Vallejo y el otro apoyado por Salvador Jara actual rector, su propuesta\u00a0 es Miguel L\u00f3pez Miranda, y claro el paro loco se supone\u00a0 es para respaldar a Orlando y bajarle los humos, y\u00a0 reducir las aspiraciones de Miguel L\u00f3pez, y quienes salen afectados son los estudiantes, quienes imagine usted saldr\u00e1n de\u00a0 vacaciones el viernes que viene, o sea que les evitaron tener las \u00faltimas clases, y uno piensa que con estos maestros, la Universidad Michoacana, nunca saldr\u00e1 de la crisis en que vive de<\/p>\n","protected":false},"excerpt":{"rendered":"<p>\u2022\tJOAQUIN Y MEMO GUZMAN<br \/>\n\u2022\tMARCOS  VINICIO, ELEGIDO<br \/>\n\u2022\tEXISTEN INDICIOS: M.KARAM<br \/>\n\u2022\tJESUS REYNA, SE AMPARO<\/p>\n","protected":false},"author":1,"featured_media":0,"comment_status":"open","ping_status":"open","sticky":false,"template":"","format":"standard","meta":{"footnotes":""},"categories":[4,14],"tags":[],"class_list":["post-6542","post","type-post","status-publish","format-standard","hentry","category-columnistas","category-destacadas"],"_links":{"self":[{"href":"https:\/\/radiowebmx.com\/nota\/wp-json\/wp\/v2\/posts\/6542","targetHints":{"allow":["GET"]}}],"collection":[{"href":"https:\/\/radiowebmx.com\/nota\/wp-json\/wp\/v2\/posts"}],"about":[{"href":"https:\/\/radiowebmx.com\/nota\/wp-json\/wp\/v2\/types\/post"}],"author":[{"embeddable":true,"href":"https:\/\/radiowebmx.com\/nota\/wp-json\/wp\/v2\/users\/1"}],"replies":[{"embeddable":true,"href":"https:\/\/radiowebmx.com\/nota\/wp-json\/wp\/v2\/comments?post=6542"}],"version-history":[{"count":3,"href":"https:\/\/radiowebmx.com\/nota\/wp-json\/wp\/v2\/posts\/6542\/revisions"}],"predecessor-version":[{"id":6545,"href":"https:\/\/radiowebmx.com\/nota\/wp-json\/wp\/v2\/posts\/6542\/revisions\/6545"}],"wp:attachment":[{"href":"https:\/\/radiowebmx.com\/nota\/wp-json\/wp\/v2\/media?parent=6542"}],"wp:term":[{"taxonomy":"category","embeddable":true,"href":"https:\/\/radiowebmx.com\/nota\/wp-json\/wp\/v2\/categories?post=6542"},{"taxonomy":"post_tag","embeddable":true,"href":"https:\/\/radiowebmx.com\/nota\/wp-json\/wp\/v2\/tags?post=6542"}],"curies":[{"name":"wp","href":"https:\/\/api.w.org\/{rel}","templated":true}]}}