{"id":65140,"date":"2019-06-10T15:43:19","date_gmt":"2019-06-10T20:43:19","guid":{"rendered":"https:\/\/radiowebmx.com\/nota\/?p=65140"},"modified":"2019-06-10T15:43:19","modified_gmt":"2019-06-10T20:43:19","slug":"amplia-el-pri-plazo-del-programa-de-afiliacion-y-refrendo-partidario","status":"publish","type":"post","link":"https:\/\/radiowebmx.com\/nota\/amplia-el-pri-plazo-del-programa-de-afiliacion-y-refrendo-partidario\/","title":{"rendered":"AMPLIA EL PRI PLAZO DEL PROGRAMA DE AFILIACI\u00d3N Y REFRENDO PARTIDARIO"},"content":{"rendered":"<p>Se ampli\u00f3 el plazo del programa de Afiliaci\u00f3n y Refrendo partidista hasta el 15 de junio en su primera etapa, as\u00ed lo dio a conocer Antonio Guzm\u00e1n Casta\u00f1eda, secretario de Organizaci\u00f3n del CDE.<\/p>\n<p>Guzm\u00e1n Casta\u00f1eda, detall\u00f3 que debido a que varios estados de la Rep\u00fablica se encontraban en proceso electoral el Comit\u00e9 Ejecutivo Nacional, opt\u00f3 por ampliar el plazo a nivel nacional para que la ciudadan\u00eda que as\u00ed lo desee se pueda adherirse al partido.<\/p>\n<p>V\u00edctor Silva Tejeda, presidente del tricolor en la entidad, record\u00f3 que solo aquellos que se encuentren en el padr\u00f3n actualizado del partido podr\u00e1n ejercer su derecho a votar y ser votados tal como lo marcan los documentos b\u00e1sicos.<\/p>\n<p>Antonio Guzm\u00e1n, detall\u00f3 que el plazo vence el pr\u00f3ximo 15 de junio, para que todas aquellas organizaciones, sectores, militantes y simpatizantes que as\u00ed lo deseen acudan a registrarse y puedan ser dados de alta en el sistema del partido.<\/p>\n<p>Finalmente, Silva Tejeda, una vez m\u00e1s hizo un llamado a la unidad y al fortalecimiento de la base en la entidad.<\/p>\n","protected":false},"excerpt":{"rendered":"<p>Se ampli\u00f3 el plazo del programa de Afiliaci\u00f3n y Refrendo partidista hasta el 15 de junio en su primera etapa, as\u00ed lo dio a conocer Antonio Guzm\u00e1n Casta\u00f1eda, secretario de Organizaci\u00f3n del CDE. Guzm\u00e1n Casta\u00f1eda, detall\u00f3 que debido a que varios estados de la Rep\u00fablica se encontraban en proceso electoral el Comit\u00e9 Ejecutivo Nacional, opt\u00f3 [&hellip;]<\/p>\n","protected":false},"author":2,"featured_media":65141,"comment_status":"closed","ping_status":"closed","sticky":false,"template":"","format":"standard","meta":{"footnotes":""},"categories":[11],"tags":[],"class_list":["post-65140","post","type-post","status-publish","format-standard","has-post-thumbnail","hentry","category-partidos-politicos"],"_links":{"self":[{"href":"https:\/\/radiowebmx.com\/nota\/wp-json\/wp\/v2\/posts\/65140","targetHints":{"allow":["GET"]}}],"collection":[{"href":"https:\/\/radiowebmx.com\/nota\/wp-json\/wp\/v2\/posts"}],"about":[{"href":"https:\/\/radiowebmx.com\/nota\/wp-json\/wp\/v2\/types\/post"}],"author":[{"embeddable":true,"href":"https:\/\/radiowebmx.com\/nota\/wp-json\/wp\/v2\/users\/2"}],"replies":[{"embeddable":true,"href":"https:\/\/radiowebmx.com\/nota\/wp-json\/wp\/v2\/comments?post=65140"}],"version-history":[{"count":1,"href":"https:\/\/radiowebmx.com\/nota\/wp-json\/wp\/v2\/posts\/65140\/revisions"}],"predecessor-version":[{"id":65142,"href":"https:\/\/radiowebmx.com\/nota\/wp-json\/wp\/v2\/posts\/65140\/revisions\/65142"}],"wp:featuredmedia":[{"embeddable":true,"href":"https:\/\/radiowebmx.com\/nota\/wp-json\/wp\/v2\/media\/65141"}],"wp:attachment":[{"href":"https:\/\/radiowebmx.com\/nota\/wp-json\/wp\/v2\/media?parent=65140"}],"wp:term":[{"taxonomy":"category","embeddable":true,"href":"https:\/\/radiowebmx.com\/nota\/wp-json\/wp\/v2\/categories?post=65140"},{"taxonomy":"post_tag","embeddable":true,"href":"https:\/\/radiowebmx.com\/nota\/wp-json\/wp\/v2\/tags?post=65140"}],"curies":[{"name":"wp","href":"https:\/\/api.w.org\/{rel}","templated":true}]}}