{"id":65086,"date":"2019-06-06T12:24:16","date_gmt":"2019-06-06T17:24:16","guid":{"rendered":"https:\/\/radiowebmx.com\/nota\/?p=65086"},"modified":"2019-06-06T12:24:16","modified_gmt":"2019-06-06T17:24:16","slug":"con-acciones-pvem-conmemora-dia-mundial-del-medio-ambiente","status":"publish","type":"post","link":"https:\/\/radiowebmx.com\/nota\/con-acciones-pvem-conmemora-dia-mundial-del-medio-ambiente\/","title":{"rendered":"Con acciones, PVEM conmemora d\u00eda mundial del medio ambiente"},"content":{"rendered":"<p>Con gran \u00e9xito y participaci\u00f3n de todos los sectores sociales, concluyeron las actividades que el Partido Verde Ecologista de M\u00e9xico, en Michoac\u00e1n, realiz\u00f3 en el marco del D\u00eda Mundial del Medio Ambiente, una de ellas enfocada a la recolecci\u00f3n de aparatos electr\u00f3nicos y el\u00e9ctricos altamente contaminantes, y una m\u00e1s de concientizaci\u00f3n y reforestaci\u00f3n.<\/p>\n<p>A trav\u00e9s de la Campa\u00f1a de Recolecci\u00f3n de RAEE UNLA 2019, que se realiz\u00f3 desde el pasado lunes 03 hasta este mi\u00e9rcoles 05 de junio, en conjunto con la compa\u00f1\u00eda de Tratamiento y Recolecci\u00f3n de Electr\u00f3nicos (TRX) y el Partido Verde, se logr\u00f3 reunir una tonelada de aparatos el\u00e9ctricos que, por sus componentes, resultan contaminantes y da\u00f1inos para el medio ambiente.<\/p>\n<p>La finalidad de la campa\u00f1a es que todos aquellos artefactos de tal naturaleza y que est\u00e1n en desuso e incluso llegan a ocupar gran espacio en los hogares o establecimientos, se les d\u00e9 un fin y uso adecuado, amigable y altamente sustentable. Por tal motivo que, desde hace algunos meses, en las instalaciones del Comit\u00e9 Estatal del Partido Verde fue colocado un contenedor RAEE, mismo que a la fecha ha logrado reunir m\u00e1s de tres toneladas y media de basura electr\u00f3nica.<\/p>\n<p>Durante la clausura de esta actividad que tuvo como sede las instalaciones de la UNLA, el dirigente estatal del PVEM, Ernesto N\u00fa\u00f1ez Aguilar, afirm\u00f3 se deben generar condiciones para el cuidado del medio ecol\u00f3gico, ello, valorando las condiciones en las que nos encontramos y queremos en futuro inmediato y a largo plazo.<\/p>\n<p>\u201cDebemos de ser claros, esto no debe ser de un solo partido pol\u00edtico, si no de todos, y que la ciudadan\u00eda entienda que en estos momentos de crisis ambiental, los a\u00f1os de vida para la Tierra se reducen y reducen cada vez m\u00e1s\u201d.<\/p>\n<p>Asimismo y de manera simult\u00e1nea, arranc\u00f3 la campa\u00f1a #EcoCambio, que consisti\u00f3 en el traslado a cuatros puntos de gran circulaci\u00f3n vehicular, en Morelia, con la intenci\u00f3n de intercambiar la basura que cada automovilista trajera en sus veh\u00edculos, por una planta, a fin de concientizar sobre el manejo responsable de residuos y contribuir a la reforestaci\u00f3n de las \u00e1reas verdes que por distintos motivos se han deteriorado.<\/p>\n<p>\u201cQuien se quiera sumar a esta reforestaci\u00f3n puede acercarse con nosotros, iniciaremos en Morelia y habr\u00e1 apoyo a diferentes escuelas, as\u00ed como al interior\u201d, invit\u00f3 N\u00fa\u00f1ez \u00c1guilar, al informar se cuenta con un total de cinco mil plantas para ser entregadas en toda la entidad.<\/p>\n<p>Los puntos que se visitaron este mi\u00e9rcoles fueron las avenidas Madero en su cruce con Acueducto; Camelinas esquina Ventura Puente; y en su cruce con Solidaridad; y finalmente Plaza Fiesta Camelinas.<\/p>\n","protected":false},"excerpt":{"rendered":"<p>Con gran \u00e9xito y participaci\u00f3n de todos los sectores sociales, concluyeron las actividades que el Partido Verde Ecologista de M\u00e9xico, en Michoac\u00e1n, realiz\u00f3 en el marco del D\u00eda Mundial del Medio Ambiente, una de ellas enfocada a la recolecci\u00f3n de aparatos electr\u00f3nicos y el\u00e9ctricos altamente contaminantes, y una m\u00e1s de concientizaci\u00f3n y reforestaci\u00f3n. A trav\u00e9s [&hellip;]<\/p>\n","protected":false},"author":2,"featured_media":65087,"comment_status":"closed","ping_status":"closed","sticky":false,"template":"","format":"standard","meta":{"footnotes":""},"categories":[11],"tags":[],"class_list":["post-65086","post","type-post","status-publish","format-standard","has-post-thumbnail","hentry","category-partidos-politicos"],"_links":{"self":[{"href":"https:\/\/radiowebmx.com\/nota\/wp-json\/wp\/v2\/posts\/65086","targetHints":{"allow":["GET"]}}],"collection":[{"href":"https:\/\/radiowebmx.com\/nota\/wp-json\/wp\/v2\/posts"}],"about":[{"href":"https:\/\/radiowebmx.com\/nota\/wp-json\/wp\/v2\/types\/post"}],"author":[{"embeddable":true,"href":"https:\/\/radiowebmx.com\/nota\/wp-json\/wp\/v2\/users\/2"}],"replies":[{"embeddable":true,"href":"https:\/\/radiowebmx.com\/nota\/wp-json\/wp\/v2\/comments?post=65086"}],"version-history":[{"count":1,"href":"https:\/\/radiowebmx.com\/nota\/wp-json\/wp\/v2\/posts\/65086\/revisions"}],"predecessor-version":[{"id":65088,"href":"https:\/\/radiowebmx.com\/nota\/wp-json\/wp\/v2\/posts\/65086\/revisions\/65088"}],"wp:featuredmedia":[{"embeddable":true,"href":"https:\/\/radiowebmx.com\/nota\/wp-json\/wp\/v2\/media\/65087"}],"wp:attachment":[{"href":"https:\/\/radiowebmx.com\/nota\/wp-json\/wp\/v2\/media?parent=65086"}],"wp:term":[{"taxonomy":"category","embeddable":true,"href":"https:\/\/radiowebmx.com\/nota\/wp-json\/wp\/v2\/categories?post=65086"},{"taxonomy":"post_tag","embeddable":true,"href":"https:\/\/radiowebmx.com\/nota\/wp-json\/wp\/v2\/tags?post=65086"}],"curies":[{"name":"wp","href":"https:\/\/api.w.org\/{rel}","templated":true}]}}