{"id":6505,"date":"2014-04-07T13:56:59","date_gmt":"2014-04-07T18:56:59","guid":{"rendered":"https:\/\/radiowebmx.com\/nota\/?p=6505"},"modified":"2014-04-07T13:56:59","modified_gmt":"2014-04-07T18:56:59","slug":"temas-de-cafe-124","status":"publish","type":"post","link":"https:\/\/radiowebmx.com\/nota\/temas-de-cafe-124\/","title":{"rendered":"TEMAS DE CAF\u00c9"},"content":{"rendered":"<p><a href=\"https:\/\/radiowebmx.com\/nota\/wp-content\/uploads\/2013\/06\/temas-de-cafe.jpg\"><img loading=\"lazy\" decoding=\"async\" class=\"alignleft size-full wp-image-2805\" alt=\"temas de cafe\" src=\"https:\/\/radiowebmx.com\/nota\/wp-content\/uploads\/2013\/06\/temas-de-cafe.jpg\" width=\"295\" height=\"171\" \/><\/a>+ PE\u00d1A NIETO VIENE MA\u00d1ANA<\/p>\n<p>+ CAPACITARAN MIL PARTERAS<\/p>\n<p>+ SI HABRA EL ACTO A ZAPATA<\/p>\n<p>+ ADELGAZAN TIANGUIS ARTESANAL<\/p>\n<p>Dentro de un clima tenso y complicado, se espera la cuarta visita del presidente de M\u00e9xico, Enrique Pe\u00f1a Nieto, quien por lo menos cumple con su promesa de venir cada mes a la entidad, en esta ocasi\u00f3n estar\u00e1 en Chilchota y en Morelia, en el coraz\u00f3n de la Ca\u00f1ada de los Once Pueblos, estar\u00e1 inaugurando\u00a0 35 obras de electrificaci\u00f3n, que prometi\u00f3 apenas el 25 de febrero pasado, de estas 35 obras 22 se realizaron dentro del programa de la Comisi\u00f3n para el\u00a0 Desarrollo de los Pueblos Ind\u00edgenas y 13 de la Sedesol, por lo cual tambi\u00e9n estar\u00e1 presente Rosario Robles titular de esta dependencia.<\/p>\n<p>EL IMSS CAPACITARA A MIL PARTERAS EMPIRICAS<\/p>\n<p>Este programa lo hace el IMSS en forma regular, pero en esta ocasi\u00f3n la capacitaci\u00f3n de mil parteras emp\u00edricas de todo el pa\u00eds, se realizar\u00e1 en esta ciudad, y el mismo martes el presidente Pe\u00f1a Nieto, y el director general del IMSS, acompa\u00f1ado del delegado del IMSS en el estado, Rom\u00e1n Acosta estar\u00e1n dando inicio a este curso, que durar\u00e1 tres d\u00edas y se capacitar\u00e1n \u00a0mil mujeres, que laboran principalmente en el medio rural del pa\u00eds, quienes ya tienen tiempo de dedic\u00e1ndose a atender a las mujeres en los partos, ahora recibir\u00e1n capacitaci\u00f3n y los elementos necesarios para facilitarles su trabajo.<\/p>\n<p>SI HABRA ACTO A EMILIANO ZAPATA EL 10<\/p>\n<p>Principalmente porque es un ordenamiento la realizaci\u00f3n del acto c\u00edvico luctuoso, a Emiliano Zapata \u00a0en el cual es obligatorio, que est\u00e9n presentes los representantes de los tres poderes, el ejecutivo, legislativo y judicial, siempre si se habr\u00e1 de realizar este acto, aunque no necesariamente se realice donde es tradicional, o sea ante su estatua ecuestre ubicada en Cuatro Caminos, municipio de Nueva Italia, a\u00fan ayer no se conoc\u00eda exactamente el lugar donde se realizar\u00e1 este acto, nada m\u00e1s se hab\u00eda dado a conocer, que estar\u00eda presente el titular de Sagarpa\u00a0 Enrique Mart\u00ednez y Mart\u00ednez.<\/p>\n<p>Como le comentamos la semana pasada, hab\u00eda la disposici\u00f3n de suspender el acto por lo menos, no en el lugar tradicional en Cuatro Caminos, por la situaci\u00f3n que se vive en estos momentos, de inseguridad y violencia generada en este caso, no tanto por los grupos del crimen organizado, sino por los diversos grupos de autodefensas, quienes se defienden del intento del gobierno federal, de desarmarlos y no solamente eso sino de enviarlos a prisi\u00f3n, como se hizo con los 12 autodefensas que se detuvieron el s\u00e1bado en Cupu\u00e1n del R\u00edo,\u00a0 aunque despu\u00e9s en la ma\u00f1ana de ayer domingo, se dijo que hab\u00edan quedado en libertad, aunque no se hab\u00eda comprobado a\u00fan por la tarde de ayer.<\/p>\n<p>REPUDIO AL DESARME DE LAS AUTODEFENSAS<\/p>\n<p>Inicialmente\u00a0 Estanislao Beltr\u00e1n hab\u00eda aceptado, el desarme de las autodefensas, su transici\u00f3n a las defensas rurales parec\u00eda se realizar\u00eda en forma tersa, pero despu\u00e9s Jos\u00e9 Manuel Mireles hizo un llamado a las autodefensas, para que no entregaran las armas, porque de hacerlo quedar\u00edan totalmente indefensos, ante los diversos grupos de delincuentes que a\u00fan proliferan, en la mayor\u00eda de la Tierra Caliente, solamente que se encuentran en estado latente.<\/p>\n<p>PARACUARO, LOS REYES, LA HUACANA, MUGICA Y APATZINGAN<\/p>\n<p>Ayer por la ma\u00f1ana en m\u00e1s de veinte poblaciones de la Tierra Caliente, se realizaron desfiles de los grupos de autodefensa, que protestaron por el pretendido desarme, y es que a\u00fan faltan diversos grupos de delincuentes por detener, de acuerdo a Mireles la limpia a\u00fan no termina, pero el Comisionado los ha amenazado, con que si no entregan las armas, ser\u00e1n detenidos, tal y como ya lo hicieron en Cupu\u00e1n del R\u00edo, poblaci\u00f3n de Nueva Italia. La cuesti\u00f3n es que sin los autodefensas, tanto la PF como el Ej\u00e9rcito quedar\u00e1n sin ojos y o\u00eddos y su misi\u00f3n, volver\u00e1\u00a0 a ser inocua contra la delincuencia, porque pueden ser efectivos pero no conocen, ni el terreno ni a los delincuentes.<\/p>\n<p>ADELGAZAN EL TIANGUIS ARTESANAL DE URUAPAN<\/p>\n<p>Entre el gobierno del estado y el gobierno municipal de Uruapan, adelgazan al Tianguis Artesanal de Uruapan, porque le comentamos que primero eliminaron el certamen de indumentaria ceremonial, que ten\u00eda m\u00e1s de treinta a\u00f1os y que hab\u00eda permitido, rescatar del olvido indumentarias que ya estaban, pr\u00e1cticamente en el olvido \u00a0ya que cada poblaci\u00f3n ind\u00edgena, tuvo que ir a sus arcones de los recuerdos, para\u00a0 sacar lo mejor que ten\u00edan , eso permiti\u00f3 el rescate de tradiciones olvidadas, como no hay dinero este certamen sali\u00f3 del Tianguis, y se fue a P\u00e1tzcuaro y no est\u00e1 mal, pero cada vez adelgazan m\u00e1s este tianguis, quien deber\u00eda al contrario crecer y extenderse.<\/p>\n<p>LAS COCINERAS TRADICIONALES NACIERON EN EL TIANGUIS<\/p>\n<p>Le comentamos que la idea que \u00a0hay, entre\u00a0 algunos organizadores del ayuntamiento de Uruapan, que no coincide con lo que hace el presidente municipal Aldo Mac\u00edas, ya que el prototipo que tienen es como la Guelaguetza, que se compone de varios actos, no solamente uno o dos sino varios que permiten a los visitantes, permanecer \u00a0casi una semana y en todos los d\u00edas tienen eventos atractivos,\u00a0 algunos relacionados con la religi\u00f3n Cat\u00f3lica, ya que todo gira en torno de la virgen de la Candelaria, pero en Uruapan en vez de crecer, \u00a0les restan eventos que permit\u00edan atraer y hacer que la gente, estuviera m\u00e1s y tiempo en Uruapan y sus alrededores.<\/p>\n<p>Por ejemplo las Cocineras Tradicionales, es un concepto que en Morelia ha tenido enorme \u00e9xito, a tal grado que por ejemplo ayer termin\u00f3, el primer evento en este a\u00f1o y se piensa, hacer otro en unos meses\u00a0 m\u00e1s porque han sido un enorme \u00e9xito, pero en Uruapan dentro del marco de este Tianguis, artesanal que inicia el domingo de Ramos, se pretende eliminar un d\u00eda a este evento de las cocineras tradicionales, ya que durante dos d\u00edas y se concentraban en la plaza de la Ranita,\u00a0 pero ahora la presidencia municipal, les ha quitado un d\u00eda aseguran las mujeres cocineras, por presiones de los comercios cercanos, quienes las ven como competencia.<\/p>\n<p>DIRIGENTES SIN APOYO DE LOS AGREMIADOS<\/p>\n<p>Parece que el sindicalismo michoacano, poco a poco empieza a tener mayor conciencia de su situaci\u00f3n, porque tenemos dos ejemplos en los cuales los dirigentes, no tienen el apoyo necesario para segur chantajeando a las autoridades, como algunos lo hac\u00edan, primero el caso de Lauro Ch\u00e1vez Rodr\u00edguez, en el SPUM tendr\u00e1n que regresar a clases porque varias comisiones, al interior del sindicato, mostraron inconformidad por el paro, de igual manera tenemos el caso de Antonio Ferreyra en el Staspe, por eso han prorrogado la huelga, al 22 de este mes porque no tiene consenso suficiente, para ir a la huelga. Deben entender \u00a0no hay m\u00e1s que 3.5 al salario y 1.2 a prestaciones. Deben ir por otras prestaciones, en cuanto a esto no hay vuelta.<\/p>\n<p>CANO, MARCO VINICIO, TO\u00d1O GUZMAN O MEMO GUZMAN<\/p>\n<p>En estos primeros d\u00edas de la semana, el gobernador Fausto Vallejo deber\u00e1\u00a0 designar al sucesor de Jes\u00fas Reyna en la Secretar\u00eda de Gobierno, una vez que Jes\u00fas Reyna qued\u00f3 arraigado para investigaci\u00f3n, sobre supuestos v\u00ednculos con grupos del crimen organizado, y entre los personajes que se manejan para ocupar esa responsabilidad, esperamos que la designaci\u00f3n sea \u00fanicamente de la responsabilidad del gobernador Fausto Vallejo, y que el Comisionado federal Alfredo Castillo, no tenga nada que ver, porque son cuestiones interna que solamente corresponden a los michoacanos.<\/p>\n<p>Entre los personajes que se han manejado en estos d\u00edas, destaca Guillermo Guzm\u00e1n quien se niega a ocupar ese puesto, por ahora le siguen Fernando Cano subsecretario de gobierno, quien ser\u00eda una lamentable decisi\u00f3n, Marcos Vinicio Aguilera quien ocup\u00f3 por unos meses la titularidad de la Procuradur\u00eda de Justicia, tambi\u00e9n sin oficio pol\u00edtico, ser\u00eda una acci\u00f3n desesperada, Antonio Guzm\u00e1n quien como usted recordar\u00e1, presidi\u00f3 la dirigencia estatal del PRI, en las elecciones para presidente de M\u00e9xico, gobernador del estado y presidencia municipal de Morelia y entreg\u00f3 buenos resultados.<\/p>\n<p>Despu\u00e9s ocup\u00f3\u00a0 por unos meses la titularidad, de la delegaci\u00f3n federal de la Sagarpa, pero vinieron los cambios y los enlaces y algunas delegaci\u00f3n tuvieron relevos, y Sagarpa fue una de ellas as\u00ed que Antonio Guzm\u00e1n qued\u00f3 vacante,\u00a0 y desde hace d\u00edas se ha empezado a nombrar \u00a0como posible titular de algunas dependencias del estado, como la Sepsol pero ahora que se abre esta posibilidad, no ser\u00eda raro que llegara Antonio Guzm\u00e1n a la Secretar\u00eda de Gobierno. Ah\u00ed se requiere un personaje que sea ampliamente conocido, por los michoacanos que a su vez los conozca y Antonio cumple una buena parte de este perfil.<\/p>\n","protected":false},"excerpt":{"rendered":"<p>+ PE\u00d1A NIETO VIENE MA\u00d1ANA<br \/>\n+ CAPACITARAN MIL PARTERAS<br \/>\n+ SI HABRA EL ACTO A ZAPATA<br \/>\n+ ADELGAZAN TIANGUIS ARTESANAL<\/p>\n","protected":false},"author":1,"featured_media":0,"comment_status":"open","ping_status":"open","sticky":false,"template":"","format":"standard","meta":{"footnotes":""},"categories":[4,10],"tags":[],"class_list":["post-6505","post","type-post","status-publish","format-standard","hentry","category-columnistas","category-juan-manuel-belmonte"],"_links":{"self":[{"href":"https:\/\/radiowebmx.com\/nota\/wp-json\/wp\/v2\/posts\/6505","targetHints":{"allow":["GET"]}}],"collection":[{"href":"https:\/\/radiowebmx.com\/nota\/wp-json\/wp\/v2\/posts"}],"about":[{"href":"https:\/\/radiowebmx.com\/nota\/wp-json\/wp\/v2\/types\/post"}],"author":[{"embeddable":true,"href":"https:\/\/radiowebmx.com\/nota\/wp-json\/wp\/v2\/users\/1"}],"replies":[{"embeddable":true,"href":"https:\/\/radiowebmx.com\/nota\/wp-json\/wp\/v2\/comments?post=6505"}],"version-history":[{"count":2,"href":"https:\/\/radiowebmx.com\/nota\/wp-json\/wp\/v2\/posts\/6505\/revisions"}],"predecessor-version":[{"id":6507,"href":"https:\/\/radiowebmx.com\/nota\/wp-json\/wp\/v2\/posts\/6505\/revisions\/6507"}],"wp:attachment":[{"href":"https:\/\/radiowebmx.com\/nota\/wp-json\/wp\/v2\/media?parent=6505"}],"wp:term":[{"taxonomy":"category","embeddable":true,"href":"https:\/\/radiowebmx.com\/nota\/wp-json\/wp\/v2\/categories?post=6505"},{"taxonomy":"post_tag","embeddable":true,"href":"https:\/\/radiowebmx.com\/nota\/wp-json\/wp\/v2\/tags?post=6505"}],"curies":[{"name":"wp","href":"https:\/\/api.w.org\/{rel}","templated":true}]}}