{"id":65021,"date":"2019-06-04T18:58:28","date_gmt":"2019-06-04T23:58:28","guid":{"rendered":"https:\/\/radiowebmx.com\/nota\/?p=65021"},"modified":"2019-06-04T18:58:28","modified_gmt":"2019-06-04T23:58:28","slug":"lucila-martinez-expone-ley-de-profesiones-que-presento-en-foro","status":"publish","type":"post","link":"https:\/\/radiowebmx.com\/nota\/lucila-martinez-expone-ley-de-profesiones-que-presento-en-foro\/","title":{"rendered":"Lucila Mart\u00ednez expone Ley de Profesiones que present\u00f3 en foro"},"content":{"rendered":"<ul>\n<li>Dicha norma ya fue aprobada en su primera lectura y est\u00e1 en comisiones para su estudio y dictamen<\/li>\n<\/ul>\n<div>En Michoac\u00e1n resulta apremiante que cuente con una Ley de Profesiones del Estado acorde a las necesidades actuales, para dar certidumbre en el registro, actualizaci\u00f3n y autorizaci\u00f3n al ejercicio profesional, con el cual se fortalece la educaci\u00f3n y el desarrollo humano, afirm\u00f3 la diputada Lucila Mart\u00ednez Manr\u00edquez.<\/p>\n<p>Al asistir al Foro de An\u00e1lisis y Consulta de la Ley de Profesiones del Estado de Michoac\u00e1n, la legisladora coincidi\u00f3 en la necesidad de legislar en materia y conf\u00edo que con \u00e9ste foro se pueda enriquecer la iniciativa que present\u00f3 la cual ya se le dio la primera lectura en el Pleno de la LXXIV Legislatura Local, hace unos d\u00edas.<\/p>\n<p>En el evento celebrado en el Congreso del Estado, en el que estuvieron los integrantes del Foro Nacional de Colegios de Profesionistas de \u00a0Michoac\u00e1n, la Barra Michoacana, Colegio de Abogados A.C., de la Comisi\u00f3n de Honor y Justicia, del Colegio de Ingenieros Mec\u00e1nicos Electricistas del Estado de Michoac\u00e1n, del Foro del Colegio de Profesiones del Estado y del Colegio de M\u00e9dicos Home\u00f3patas, as\u00ed como legisladores, se coincidi\u00f3 en fortalecer la norma vigente en beneficio de todas y todos los michoacanos.<\/p>\n<p>En su intervenci\u00f3n record\u00f3 que promovi\u00f3 dicha propuesta legislativa porque hace unos a\u00f1os fue titular del departamento de profesiones que depende de la subsecretaria de Educaci\u00f3n Media Superior y Superior, en donde pudo conocer a fondo las necesidades que se tienen, por lo que promovi\u00f3 una propuesta, a la cual ya se aprob\u00f3 su primera lectura y hoy est\u00e1 en comisiones en estudio, por lo que consider\u00f3 que todas las opiniones que se brinden para enriquecer el trabajo del Poder Legislativo en beneficio de los ciudadanos y la entidad, siempre es bienvenido.<\/p>\n<p>Hizo menci\u00f3n que el objetivo principal de la direcci\u00f3n en coordinaci\u00f3n con los colegios de profesionistas es que el ejercicio profesional se realice dentro del m\u00e1s alto plano legal y moral y que por mandato constitucional, el Estado debe asumir sus atribuciones y facultades, aunado a que las instituciones educativas deben apegarse a los lineamientos que la autoridad estatal en materia de profesiones dicte.<\/p>\n<p>Asimismo hizo referencia que los colegios de profesionistas tienen voz y voto en la direcci\u00f3n de profesiones, por si solos y sin intermediarios; y que la libertad de asociaci\u00f3n que consagra nuestra constituci\u00f3n permite reconocer a los colegios de profesionistas, a las asociaciones, a las federaciones y confederaciones.<\/p>\n<p>\u201cAdem\u00e1s de que la certificaci\u00f3n profesional es un proceso de evaluaci\u00f3n voluntario para determinar el nivel de competencia y grados de actualizaci\u00f3n de un profesionista; que no es obligatoria pero que por convicci\u00f3n, uno de los objetivos de todo profesionista debe ser: estar dentro del c\u00edrculo de los m\u00e1s competitivos a fin de brindar un mejor servicio a la sociedad\u201d.<\/p>\n<p>Lucila Mart\u00ednez enfatiz\u00f3 que la certificaci\u00f3n profesional sin lugar a dudas debe ser normada, regida y dirigida por la autoridad estatal en materia de profesiones con el apoyo y coordinaci\u00f3n de los entes certificadores: los colegios de profesionistas.<\/p>\n<p>Por lo anterior, record\u00f3 que convoc\u00f3 a una reuni\u00f3n a los integrantes de los colegios y asociaciones de profesionistas debido a la inconformidad que manifestaban por la actual Ley de Profesiones del Estado la cual fue aprobada en el 2015.<\/p>\n<p>En dicha reuni\u00f3n a\u00f1adi\u00f3, solicit\u00f3, una vez revisada la Ley en menci\u00f3n, las observaciones o aportaciones para reformarla o crear una nueva y se recibi\u00f3 las propuestas de quienes participaron entre los que destac\u00f3 a los integrantes de los colegios: de Arquitectos de Occidente, Delegaci\u00f3n La Piedad; de Arquitectos de Michoac\u00e1n; de Valuadores; de M\u00e9dicos Especialista en Cirug\u00eda General; de Ingenieros de Uruapan; de M\u00e9dicos de Michoac\u00e1n; de Ingenieros de Michoac\u00e1n; de Medicina Est\u00e9tica de Michoac\u00e1n y del foro de Profesionistas, entre otros.<\/p>\n<p>\u201cConvencida de las propuestas aunque pocas, porque otros presidentes expresaron su confianza en mi actuar, una vez que asum\u00ed el cargo de legisladora, refrend\u00e9 con muchos de ellos y conmigo misma el compromiso moral y profesional con la direcci\u00f3n de profesiones, con todo su personal que en virtud de los a\u00f1os y la pr\u00e1ctica est\u00e1n igual o m\u00e1s convencidos que yo, de la importancia y de la responsabilidad que reviste esta dependencia que debe asumir su papel de autoridad en toda la extensi\u00f3n de la palabra. Es as\u00ed que decid\u00ed promover una Ley que garantice lo que la mayor\u00eda solicitaba\u201d.<\/p>\n<p>En ese contexto, detall\u00f3 que en su iniciativa plante\u00f3 la libertad de asociaci\u00f3n y del ejercicio profesional, el servicio de calidad conforme a los par\u00e1metros de conducta \u00e9tica y profesional, la eliminaci\u00f3n de las pr\u00e1cticas monop\u00f3licas que adem\u00e1s est\u00e1n viciadas de \u00e1nimos corporativos y lucrativos y el r\u00e9gimen federal, pues que sea la direcci\u00f3n general de profesiones o el propio Congreso de la Uni\u00f3n, quien determinar\u00e1 en qu\u00e9 casos se requerir\u00e1 la colegiaci\u00f3n y certificaci\u00f3n obligatoria, se traducir\u00eda en una centralizaci\u00f3n y que va en detrimento de las entidades federativas.<\/p>\n<p>Por lo anterior, reiter\u00f3 su apertura a siempre construir juntos y en beneficio de este sector y de todas y los michoacanos, para generar marcos jur\u00eddicos acordes a las necesidades actuales y con ello, generar bienestar y progreso para todos.<\/p><\/div>\n","protected":false},"excerpt":{"rendered":"<p>Dicha norma ya fue aprobada en su primera lectura y est\u00e1 en comisiones para su estudio y dictamen En Michoac\u00e1n resulta apremiante que cuente con una Ley de Profesiones del Estado acorde a las necesidades actuales, para dar certidumbre en el registro, actualizaci\u00f3n y autorizaci\u00f3n al ejercicio profesional, con el cual se fortalece la educaci\u00f3n [&hellip;]<\/p>\n","protected":false},"author":2,"featured_media":65022,"comment_status":"closed","ping_status":"closed","sticky":false,"template":"","format":"standard","meta":{"footnotes":""},"categories":[6],"tags":[],"class_list":["post-65021","post","type-post","status-publish","format-standard","has-post-thumbnail","hentry","category-congreso-del-estado"],"_links":{"self":[{"href":"https:\/\/radiowebmx.com\/nota\/wp-json\/wp\/v2\/posts\/65021","targetHints":{"allow":["GET"]}}],"collection":[{"href":"https:\/\/radiowebmx.com\/nota\/wp-json\/wp\/v2\/posts"}],"about":[{"href":"https:\/\/radiowebmx.com\/nota\/wp-json\/wp\/v2\/types\/post"}],"author":[{"embeddable":true,"href":"https:\/\/radiowebmx.com\/nota\/wp-json\/wp\/v2\/users\/2"}],"replies":[{"embeddable":true,"href":"https:\/\/radiowebmx.com\/nota\/wp-json\/wp\/v2\/comments?post=65021"}],"version-history":[{"count":1,"href":"https:\/\/radiowebmx.com\/nota\/wp-json\/wp\/v2\/posts\/65021\/revisions"}],"predecessor-version":[{"id":65023,"href":"https:\/\/radiowebmx.com\/nota\/wp-json\/wp\/v2\/posts\/65021\/revisions\/65023"}],"wp:featuredmedia":[{"embeddable":true,"href":"https:\/\/radiowebmx.com\/nota\/wp-json\/wp\/v2\/media\/65022"}],"wp:attachment":[{"href":"https:\/\/radiowebmx.com\/nota\/wp-json\/wp\/v2\/media?parent=65021"}],"wp:term":[{"taxonomy":"category","embeddable":true,"href":"https:\/\/radiowebmx.com\/nota\/wp-json\/wp\/v2\/categories?post=65021"},{"taxonomy":"post_tag","embeddable":true,"href":"https:\/\/radiowebmx.com\/nota\/wp-json\/wp\/v2\/tags?post=65021"}],"curies":[{"name":"wp","href":"https:\/\/api.w.org\/{rel}","templated":true}]}}