{"id":65018,"date":"2019-06-04T18:52:33","date_gmt":"2019-06-04T23:52:33","guid":{"rendered":"https:\/\/radiowebmx.com\/nota\/?p=65018"},"modified":"2019-06-04T18:52:33","modified_gmt":"2019-06-04T23:52:33","slug":"gp-de-morena-principal-impulsor-del-respeto-a-los-derechos-de-la-mujer-en-michoacan","status":"publish","type":"post","link":"https:\/\/radiowebmx.com\/nota\/gp-de-morena-principal-impulsor-del-respeto-a-los-derechos-de-la-mujer-en-michoacan\/","title":{"rendered":"GP de Morena, principal impulsor del respeto a los derechos de la mujer en Michoac\u00e1n"},"content":{"rendered":"<p>Con la reciente aprobaci\u00f3n de la minuta de reforma constitucional en materia de Paridad de G\u00e9nero en todos los cargos p\u00fablicos de los tres Poderes de la Uni\u00f3n y en los tres \u00f3rdenes de Gobierno, por parte de la LXXIV Legislatura del Congreso de Michoac\u00e1n, se establecen las condiciones necesarias para promover el fortalecimiento de los derechos de la mujer en la entidad, sostuvo el coordinador del Grupo Parlamentario de Morena, Ferm\u00edn Bernab\u00e9 Bahena, luego de decirse dispuesto a coadyuvar en potenciar el blindaje laboral de las f\u00e9minas que se desempe\u00f1en en la funci\u00f3n p\u00fablica al interior del estado.<\/p>\n<p>A nombre de las y los diputados que representan a Morena en el Congreso de Michoac\u00e1n, el diputado Ferm\u00edn Bernab\u00e9 Bahena resalt\u00f3 la importancia de que se sigan promoviendo pol\u00edticas p\u00fablicas que permitan impulsar el desarrollo social, pol\u00edtico, laboral y profesional de las mujeres en la entidad.<\/p>\n<p>\u201cMorena deja claro una vez m\u00e1s que, entre nuestros principales retos, se encuentra el promover mejores condiciones de vida para las mujeres de Michoac\u00e1n, a quienes se les reconoce la labor que realizan diariamente para fortalecer el esquema social de la entidad\u201d, enfatiz\u00f3 el diputado Bernab\u00e9 Bahena.<\/p>\n<p>Dijo que en atenci\u00f3n a las recomendaciones que ha venido emitiendo la Secretar\u00eda de Mujeres de Morena, en torno a fortalecer la protecci\u00f3n de las f\u00e9minas desde el interior del partido, las y los representantes de dicho organismo pol\u00edtico en el Congreso de Michoac\u00e1n se conducir\u00e1n siempre por actos que denoten congruencia al momento de buscar el blindaje de la mujer.<\/p>\n<p>\u201cVamos a atender todo tipo de recomendaciones, en estricto apego a los lineamientos que marque el proyecto de la Cuarta Transformaci\u00f3n, ese que no termina de ser aprobado por la oposici\u00f3n\u201d, agreg\u00f3.<\/p>\n<p>El coordinador parlamentario de Morena en el Congreso de Michoac\u00e1n concluy\u00f3 sus argumentos al resaltar que, \u201c\u2026 desde mi trinchera buscar\u00e9 siempre el bienestar de la mujer, atacar la violencia que gira en su entorno y fortalecer medidas constitucionales que consoliden su participaci\u00f3n en la funci\u00f3n p\u00fablica\u201d.<\/p>\n<p>Finalmente, record\u00f3 que a la reforma aprobada se suma la iniciativa que present\u00f3 hace apenas unos d\u00edas el Grupo Parlamentario de Morena, en la cual se plantea la creaci\u00f3n de la Defensor\u00eda Jur\u00eddica para la Protecci\u00f3n de los Derechos Pol\u00edtico-Electorales de las Mujeres Electas en Michoac\u00e1n<\/p>\n","protected":false},"excerpt":{"rendered":"<p>Con la reciente aprobaci\u00f3n de la minuta de reforma constitucional en materia de Paridad de G\u00e9nero en todos los cargos p\u00fablicos de los tres Poderes de la Uni\u00f3n y en los tres \u00f3rdenes de Gobierno, por parte de la LXXIV Legislatura del Congreso de Michoac\u00e1n, se establecen las condiciones necesarias para promover el fortalecimiento de [&hellip;]<\/p>\n","protected":false},"author":2,"featured_media":65019,"comment_status":"closed","ping_status":"closed","sticky":false,"template":"","format":"standard","meta":{"footnotes":""},"categories":[6],"tags":[],"class_list":["post-65018","post","type-post","status-publish","format-standard","has-post-thumbnail","hentry","category-congreso-del-estado"],"_links":{"self":[{"href":"https:\/\/radiowebmx.com\/nota\/wp-json\/wp\/v2\/posts\/65018","targetHints":{"allow":["GET"]}}],"collection":[{"href":"https:\/\/radiowebmx.com\/nota\/wp-json\/wp\/v2\/posts"}],"about":[{"href":"https:\/\/radiowebmx.com\/nota\/wp-json\/wp\/v2\/types\/post"}],"author":[{"embeddable":true,"href":"https:\/\/radiowebmx.com\/nota\/wp-json\/wp\/v2\/users\/2"}],"replies":[{"embeddable":true,"href":"https:\/\/radiowebmx.com\/nota\/wp-json\/wp\/v2\/comments?post=65018"}],"version-history":[{"count":1,"href":"https:\/\/radiowebmx.com\/nota\/wp-json\/wp\/v2\/posts\/65018\/revisions"}],"predecessor-version":[{"id":65020,"href":"https:\/\/radiowebmx.com\/nota\/wp-json\/wp\/v2\/posts\/65018\/revisions\/65020"}],"wp:featuredmedia":[{"embeddable":true,"href":"https:\/\/radiowebmx.com\/nota\/wp-json\/wp\/v2\/media\/65019"}],"wp:attachment":[{"href":"https:\/\/radiowebmx.com\/nota\/wp-json\/wp\/v2\/media?parent=65018"}],"wp:term":[{"taxonomy":"category","embeddable":true,"href":"https:\/\/radiowebmx.com\/nota\/wp-json\/wp\/v2\/categories?post=65018"},{"taxonomy":"post_tag","embeddable":true,"href":"https:\/\/radiowebmx.com\/nota\/wp-json\/wp\/v2\/tags?post=65018"}],"curies":[{"name":"wp","href":"https:\/\/api.w.org\/{rel}","templated":true}]}}