{"id":6500,"date":"2014-04-07T13:28:20","date_gmt":"2014-04-07T18:28:20","guid":{"rendered":"https:\/\/radiowebmx.com\/nota\/?p=6500"},"modified":"2014-04-07T13:47:08","modified_gmt":"2014-04-07T18:47:08","slug":"arrancaran-autoridades-del-sector-salud-1a-jornada-nacional-de-intensificacion-de-lucha-contra-el-dengue","status":"publish","type":"post","link":"https:\/\/radiowebmx.com\/nota\/arrancaran-autoridades-del-sector-salud-1a-jornada-nacional-de-intensificacion-de-lucha-contra-el-dengue\/","title":{"rendered":"ARRANCAR\u00c1N AUTORIDADES DEL SECTOR SALUD 1\u00aa JORNADA NACIONAL DE INTENSIFICACI\u00d3N DE LUCHA CONTRA EL DENGUE"},"content":{"rendered":"<p>El municipio de L\u00e1zaro C\u00e1rdenas, Michoac\u00e1n fungir\u00e1 este lunes como sede para el arranque de la Primera Jornada Nacional de Intensificaci\u00f3n de Lucha Contra el Dengue, por lo que de forma simult\u00e1nea en las 31 entidades federativas de la Rep\u00fablica se realizar\u00e1 este acto, en el marco del D\u00eda Mundial de la Salud que tiene como tema para este a\u00f1o: Enfermedades Transmitidas por Vectores. \u00a0 Ser\u00e1 este 07 de abril en punto de las 10:00 horas en un conocido hotel del Puerto, cuando autoridades federales, estatales y municipales, encabezadas por el director General del Centro Nacional de Programas Preventivos y Control de Enfermedades (CENAPRECE), Jes\u00fas Felipe Gonz\u00e1lez Rold\u00e1n y el secretario de Salud en Michoac\u00e1n, Rafael D\u00edaz Rodr\u00edguez, oficialicen el inicio de esta jornada, con la que se pretende incidir el comportamiento de la comunidad para disminuir los factores de riesgo en la transmisi\u00f3n del dengue. \u00a0 La Secretar\u00eda de Salud en el Estado (SSM) realizar\u00e1 actividades intensivas de prevenci\u00f3n y promoci\u00f3n de la salud y capacitaciones a todo el personal operativo que participa en las acciones de control del dengue, as\u00ed como al personal m\u00e9dico y param\u00e9dico responsable de atenci\u00f3n y manejo de pacientes en su entidad. \u00a0 Asimismo, se busca continuar con la disminuci\u00f3n de casos de dengue en todo el pa\u00eds, por lo que se invitar\u00e1 a la poblaci\u00f3n a ser part\u00edcipe de cada una de las tareas emprendidas por las autoridades y no hacer caso omiso ante las indicaciones de limpieza en los patios o espacios donde se pueda proliferar el mosquito portador de dengue (Aedes Aegypti). \u00a0 Cabe hacer menci\u00f3n que dichas actividades se efectuar\u00e1n del 7 al 11 de abril como parte de esta Primera Jornada Nacional de Intensificaci\u00f3n de Lucha Contra el Dengue, no obstante las tareas continuar\u00e1n por parte de la SSM durante el tiempo que se requiera.<\/p>\n","protected":false},"excerpt":{"rendered":"<p>El municipio de L\u00e1zaro C\u00e1rdenas, Michoac\u00e1n fungir\u00e1 este lunes como sede para el arranque de la Primera Jornada Nacional de Intensificaci\u00f3n de Lucha Contra el Dengue, por lo que de forma simult\u00e1nea en las 31 entidades federativas de la Rep\u00fablica se realizar\u00e1 este acto, <\/p>\n","protected":false},"author":1,"featured_media":0,"comment_status":"open","ping_status":"open","sticky":false,"template":"","format":"standard","meta":{"footnotes":""},"categories":[3],"tags":[],"class_list":["post-6500","post","type-post","status-publish","format-standard","hentry","category-gobierno-del-estado-de-michoacan"],"_links":{"self":[{"href":"https:\/\/radiowebmx.com\/nota\/wp-json\/wp\/v2\/posts\/6500","targetHints":{"allow":["GET"]}}],"collection":[{"href":"https:\/\/radiowebmx.com\/nota\/wp-json\/wp\/v2\/posts"}],"about":[{"href":"https:\/\/radiowebmx.com\/nota\/wp-json\/wp\/v2\/types\/post"}],"author":[{"embeddable":true,"href":"https:\/\/radiowebmx.com\/nota\/wp-json\/wp\/v2\/users\/1"}],"replies":[{"embeddable":true,"href":"https:\/\/radiowebmx.com\/nota\/wp-json\/wp\/v2\/comments?post=6500"}],"version-history":[{"count":3,"href":"https:\/\/radiowebmx.com\/nota\/wp-json\/wp\/v2\/posts\/6500\/revisions"}],"predecessor-version":[{"id":6502,"href":"https:\/\/radiowebmx.com\/nota\/wp-json\/wp\/v2\/posts\/6500\/revisions\/6502"}],"wp:attachment":[{"href":"https:\/\/radiowebmx.com\/nota\/wp-json\/wp\/v2\/media?parent=6500"}],"wp:term":[{"taxonomy":"category","embeddable":true,"href":"https:\/\/radiowebmx.com\/nota\/wp-json\/wp\/v2\/categories?post=6500"},{"taxonomy":"post_tag","embeddable":true,"href":"https:\/\/radiowebmx.com\/nota\/wp-json\/wp\/v2\/tags?post=6500"}],"curies":[{"name":"wp","href":"https:\/\/api.w.org\/{rel}","templated":true}]}}