{"id":64986,"date":"2019-06-03T17:40:28","date_gmt":"2019-06-03T22:40:28","guid":{"rendered":"https:\/\/radiowebmx.com\/nota\/?p=64986"},"modified":"2019-06-03T17:40:28","modified_gmt":"2019-06-03T22:40:28","slug":"preside-antonio-soto-afiliacion-masiva-al-prd","status":"publish","type":"post","link":"https:\/\/radiowebmx.com\/nota\/preside-antonio-soto-afiliacion-masiva-al-prd\/","title":{"rendered":"Preside Antonio Soto afiliaci\u00f3n masiva al PRD"},"content":{"rendered":"<p>\u2022 El PRD,\u00a0\u00fanica opci\u00f3n ante un r\u00e9gimen\u00a0 autoritario y centralista<br \/>\n\u2022 Sol Azteca, un partido con estructura, liderazgos y competitivo<br \/>\n\u2022 #ConLaCamisetaPuesta , #DeAqu\u00edSomos, #Aqu\u00edNosQuedamos<\/p>\n<p>\u201cSomos la \u00fanica opci\u00f3n de izquierda progresista, democr\u00e1tica,\u00a0no populista, ante un r\u00e9gimen autoritario y \u00a0centralista que gobierna ahora\u201d, destac\u00f3 Antonio Soto S\u00e1nchez, Presidente del Partido de la Revoluci\u00f3n Democr\u00e1tica (PRD) en Michoac\u00e1n.<\/p>\n<p>Al poner en marcha la Jornada de Afiliaci\u00f3n Distrital\u00a0al PRD en Morelia,\u00a0Soto S\u00e1nchez, subray\u00f3 que han sido 30 a\u00f1os de lucha para alcanzar la alternancia en el pa\u00eds, y que incluso el triunfo del Presidente Andr\u00e9s Manuel L\u00f3pez Obrador, no se habr\u00eda concretado sin el esfuerzo del PRD.<\/p>\n<p>El Dirigente Estatal del PRD, &#8211; quien estuvo acompa\u00f1ado de Ver\u00f3nica Naranjo, Secretaria de Equidad de G\u00e9nero, Helder Valencia, Secretario de Finanzas del Comit\u00e9 Ejecutivo Estatal (CEE), liderazgos y militantes del PRD en Morelia-, afirm\u00f3 que \u201csomos una izquierda progresista, de vanguardia, respetuosa de las leyes e instituciones, que propone y que no divide, eso nos hace muy diferentes y es la esencia del PRD\u201d.<\/p>\n<p>Soto S\u00e1nchez hizo un llamado a quienes ya militan y simpatizan en el PRD, a que se acerquen a los \u201cAUXILIARES\u201d para que expresen\u00a0su voluntad de seguir participando en el PRD, pero tambi\u00e9n, -dijo-, \u201cla invitaci\u00f3n es abierta\u00a0a todos aquellos de ideas progresistas, a quienes no se sienten c\u00f3modos en los partidos que est\u00e1n o que incluso no militan, a los j\u00f3venes, a las mujeres, que se afilien al PRD\u201d.<\/p>\n<p>El Diputado Local afirm\u00f3 que el PRD es un partido con liderazgo, con estructura y competitivo, con\u00a0 liderazgos y cuadros importantes que pueden enfrentar los retos pol\u00edticos venideros, como el proceso electoral del 2021.<\/p>\n<p>Antonio Soto detall\u00f3 que el mecanismo de Afiliaci\u00f3n y refrendo, es muy sencillo, ya que las personas interesadas pueden acudir con los \u201cAUXILIARES\u201d, \u00a0y a su vez ellos hacen el proceso de escanear la credencial de elector por ambos lados, tomar la fotograf\u00eda del interesado y pedirle la firma.<\/p>\n<p>En este acto de afiliaci\u00f3n masiva, cientos de ciudadanos se sumaron al PRD y a la campa\u00f1a digital #ConLaCamisetaPuesta , #DeAqu\u00edSomos, #Aqu\u00edNosQuedamos, que promueve la Secretar\u00eda de Comunicaci\u00f3n, Difusi\u00f3n y Propaganda del CEE-PRD.<\/p>\n","protected":false},"excerpt":{"rendered":"<p>\u2022 El PRD,\u00a0\u00fanica opci\u00f3n ante un r\u00e9gimen\u00a0 autoritario y centralista \u2022 Sol Azteca, un partido con estructura, liderazgos y competitivo \u2022 #ConLaCamisetaPuesta , #DeAqu\u00edSomos, #Aqu\u00edNosQuedamos \u201cSomos la \u00fanica opci\u00f3n de izquierda progresista, democr\u00e1tica,\u00a0no populista, ante un r\u00e9gimen autoritario y \u00a0centralista que gobierna ahora\u201d, destac\u00f3 Antonio Soto S\u00e1nchez, Presidente del Partido de la Revoluci\u00f3n Democr\u00e1tica (PRD) [&hellip;]<\/p>\n","protected":false},"author":2,"featured_media":64987,"comment_status":"closed","ping_status":"closed","sticky":false,"template":"","format":"standard","meta":{"footnotes":""},"categories":[11],"tags":[],"class_list":["post-64986","post","type-post","status-publish","format-standard","has-post-thumbnail","hentry","category-partidos-politicos"],"_links":{"self":[{"href":"https:\/\/radiowebmx.com\/nota\/wp-json\/wp\/v2\/posts\/64986","targetHints":{"allow":["GET"]}}],"collection":[{"href":"https:\/\/radiowebmx.com\/nota\/wp-json\/wp\/v2\/posts"}],"about":[{"href":"https:\/\/radiowebmx.com\/nota\/wp-json\/wp\/v2\/types\/post"}],"author":[{"embeddable":true,"href":"https:\/\/radiowebmx.com\/nota\/wp-json\/wp\/v2\/users\/2"}],"replies":[{"embeddable":true,"href":"https:\/\/radiowebmx.com\/nota\/wp-json\/wp\/v2\/comments?post=64986"}],"version-history":[{"count":1,"href":"https:\/\/radiowebmx.com\/nota\/wp-json\/wp\/v2\/posts\/64986\/revisions"}],"predecessor-version":[{"id":64988,"href":"https:\/\/radiowebmx.com\/nota\/wp-json\/wp\/v2\/posts\/64986\/revisions\/64988"}],"wp:featuredmedia":[{"embeddable":true,"href":"https:\/\/radiowebmx.com\/nota\/wp-json\/wp\/v2\/media\/64987"}],"wp:attachment":[{"href":"https:\/\/radiowebmx.com\/nota\/wp-json\/wp\/v2\/media?parent=64986"}],"wp:term":[{"taxonomy":"category","embeddable":true,"href":"https:\/\/radiowebmx.com\/nota\/wp-json\/wp\/v2\/categories?post=64986"},{"taxonomy":"post_tag","embeddable":true,"href":"https:\/\/radiowebmx.com\/nota\/wp-json\/wp\/v2\/tags?post=64986"}],"curies":[{"name":"wp","href":"https:\/\/api.w.org\/{rel}","templated":true}]}}