{"id":64964,"date":"2019-06-03T17:24:32","date_gmt":"2019-06-03T22:24:32","guid":{"rendered":"https:\/\/radiowebmx.com\/nota\/?p=64964"},"modified":"2019-06-03T17:24:32","modified_gmt":"2019-06-03T22:24:32","slug":"lucila-martinez-convoca-a-establecer-acciones-para-hacer-frente-a-la-temporada-de-lluvias-y-reducir-riesgo-de-inundaciones","status":"publish","type":"post","link":"https:\/\/radiowebmx.com\/nota\/lucila-martinez-convoca-a-establecer-acciones-para-hacer-frente-a-la-temporada-de-lluvias-y-reducir-riesgo-de-inundaciones\/","title":{"rendered":"Lucila Mart\u00ednez convoca a establecer acciones para hacer frente a la temporada de lluvias y reducir riesgo de inundaciones"},"content":{"rendered":"<p>Ante el inicio de la temporada de lluvias y derivado de las afectaciones que se reportaron por la tromba en la capital del estado, la diputada integrante de la Comisi\u00f3n de Desarrollo Sustentable y Medio Ambiente en la LXXIV Legislatura Local en el Congreso del Estado, Lucila Mart\u00ednez Manr\u00edquez convoc\u00f3 a la poblaci\u00f3n a seguir las recomendaciones emitidas por el Sistema Nacional de Protecci\u00f3n Civil y exhort\u00f3 a las autoridades a reforzar las pol\u00edticas p\u00fablicas en materia de prevenci\u00f3n y establecer plan de acci\u00f3n y atenci\u00f3n para atender de manera oportuna cualquier contingencia.<\/p>\n<p>La diputada local consider\u00f3 que ante los sucesos que se han reportado en los \u00faltimos a\u00f1os por las lluvias, es apremiante que las autoridades y sociedad sumen esfuerzos para disminuir los riesgos.<\/p>\n<p>Asimismo resalt\u00f3 que, en estas acciones preventivas es vital la aportaci\u00f3n del Congreso del Estado al legislar y adecuar la legislaci\u00f3n vigente y otorgar los mecanismos que se requieren para establecer el crecimiento ordenado y fortalecer las medidas preventivas, especialmente en aquellas zonas de riesgo.<\/p>\n<p>La legisladora reconoci\u00f3 el trabajo del Sistema Estatal de Protecci\u00f3n Civil quien coordina acciones interinstitucionales para atender cualquier contingencia, trabajo que se realiza entre las autoridades de los diversos niveles gobierno y en lo que es fundamental que se incluya a los ciudadanos en las labores preventivas.<\/p>\n<p>Lucila Mart\u00ednez se pronunci\u00f3 por fortalecer la cultura de protecci\u00f3n civil, ya que derivado de las afectaciones al medio ambiente y otros factores, a\u00f1o con a\u00f1o se reportan m\u00e1s fen\u00f3menos naturales, los cuales generan graves afecciones.<\/p>\n<p>En los \u00faltimos 15 a\u00f1os en nuestro pa\u00eds, nueve de cada diez desastres naturales registrados fueron a causa de fen\u00f3menos hidrometeorol\u00f3gicos, lo que refleja que se debe generar una mayor cultura de cuidado y prevenci\u00f3n y que las pol\u00edticas p\u00fablicas que se impulsan por las autoridades de los diversos niveles de gobierno, deben continuar consolid\u00e1ndose.<\/p>\n<p>Paralelamente la ciudadan\u00eda tiene que aportar desde no arrojar basura en la v\u00eda p\u00fablica y mantener limpio los frentes de sus casas, aunado a hacer caso a todas las recomendaciones de las autoridades para actuar de manera oportuna ante cualquier posible contingencia.<\/p>\n","protected":false},"excerpt":{"rendered":"<p>Ante el inicio de la temporada de lluvias y derivado de las afectaciones que se reportaron por la tromba en la capital del estado, la diputada integrante de la Comisi\u00f3n de Desarrollo Sustentable y Medio Ambiente en la LXXIV Legislatura Local en el Congreso del Estado, Lucila Mart\u00ednez Manr\u00edquez convoc\u00f3 a la poblaci\u00f3n a seguir [&hellip;]<\/p>\n","protected":false},"author":2,"featured_media":64965,"comment_status":"closed","ping_status":"closed","sticky":false,"template":"","format":"standard","meta":{"footnotes":""},"categories":[11],"tags":[],"class_list":["post-64964","post","type-post","status-publish","format-standard","has-post-thumbnail","hentry","category-partidos-politicos"],"_links":{"self":[{"href":"https:\/\/radiowebmx.com\/nota\/wp-json\/wp\/v2\/posts\/64964","targetHints":{"allow":["GET"]}}],"collection":[{"href":"https:\/\/radiowebmx.com\/nota\/wp-json\/wp\/v2\/posts"}],"about":[{"href":"https:\/\/radiowebmx.com\/nota\/wp-json\/wp\/v2\/types\/post"}],"author":[{"embeddable":true,"href":"https:\/\/radiowebmx.com\/nota\/wp-json\/wp\/v2\/users\/2"}],"replies":[{"embeddable":true,"href":"https:\/\/radiowebmx.com\/nota\/wp-json\/wp\/v2\/comments?post=64964"}],"version-history":[{"count":1,"href":"https:\/\/radiowebmx.com\/nota\/wp-json\/wp\/v2\/posts\/64964\/revisions"}],"predecessor-version":[{"id":64966,"href":"https:\/\/radiowebmx.com\/nota\/wp-json\/wp\/v2\/posts\/64964\/revisions\/64966"}],"wp:featuredmedia":[{"embeddable":true,"href":"https:\/\/radiowebmx.com\/nota\/wp-json\/wp\/v2\/media\/64965"}],"wp:attachment":[{"href":"https:\/\/radiowebmx.com\/nota\/wp-json\/wp\/v2\/media?parent=64964"}],"wp:term":[{"taxonomy":"category","embeddable":true,"href":"https:\/\/radiowebmx.com\/nota\/wp-json\/wp\/v2\/categories?post=64964"},{"taxonomy":"post_tag","embeddable":true,"href":"https:\/\/radiowebmx.com\/nota\/wp-json\/wp\/v2\/tags?post=64964"}],"curies":[{"name":"wp","href":"https:\/\/api.w.org\/{rel}","templated":true}]}}