{"id":6493,"date":"2014-04-07T13:15:40","date_gmt":"2014-04-07T18:15:40","guid":{"rendered":"https:\/\/radiowebmx.com\/nota\/?p=6493"},"modified":"2014-04-07T13:15:40","modified_gmt":"2014-04-07T18:15:40","slug":"promoveran-la-cultura-de-michoacan-a-traves-de-radio-educacion","status":"publish","type":"post","link":"https:\/\/radiowebmx.com\/nota\/promoveran-la-cultura-de-michoacan-a-traves-de-radio-educacion\/","title":{"rendered":"PROMOVER\u00c1N LA CULTURA DE MICHOAC\u00c1N A TRAV\u00c9S DE RADIO EDUCACI\u00d3N"},"content":{"rendered":"<p><a href=\"https:\/\/radiowebmx.com\/nota\/wp-content\/uploads\/2014\/04\/IMG_0146.jpg\"><img loading=\"lazy\" decoding=\"async\" class=\"alignleft size-full wp-image-6494\" alt=\"IMG_0146\" src=\"https:\/\/radiowebmx.com\/nota\/wp-content\/uploads\/2014\/04\/IMG_0146.jpg\" width=\"591\" height=\"308\" \/><\/a>El Sistema Michoacano de Radio y Televisi\u00f3n (SMRyTV) firm\u00f3 un convenio de colaboraci\u00f3n y dotaci\u00f3n de contenidos con Radio Educaci\u00f3n, perteneciente a la Secretar\u00eda de Educaci\u00f3n P\u00fablica a nivel federal, con la finalidad de promover, impulsar y divulgar la educaci\u00f3n y cultura en el pa\u00eds.<\/p>\n<p>El director general del SMRyTV, Christi\u00e1n Guti\u00e9rrez Alonso, recibi\u00f3 al director general de Radio Educaci\u00f3n, Antonio Tenorio Mu\u00f1oz Cota, para intercambiar puntos de vista sobre la necesidad de ampliar los espacios radiof\u00f3nicos destinados a la cultura y la educaci\u00f3n.<\/p>\n<p>\u201cGracias al convenio firmado se fortalecer\u00e1n las relaciones de colaboraci\u00f3n entre ambas instituciones para que adem\u00e1s de intercambiar series producidas por cada uno de los medios de comunicaci\u00f3n, se propongan actividades culturales vinculadas a la tarea sustantiva de las radios educativas y culturales de servicio p\u00fablico\u201d, a\u00f1adi\u00f3 Guti\u00e9rrez Alonso.<\/p>\n<p>Adem\u00e1s, dijo, se promover\u00e1 la difusi\u00f3n de informaci\u00f3n institucional entre ambas partes y se colaborar\u00e1 para la investigaci\u00f3n y la difusi\u00f3n de la radio en los rubros antes citados.<\/p>\n<p>Cabe destacar que ambos directores coincidieron en la importancia de la capacitaci\u00f3n e intercambio profesional en materia de radio cultural y educativa, misma que tambi\u00e9n se promover\u00e1 con el convenio signado.<\/p>\n<p>Antonio Tenorio Mu\u00f1oz Cota, en su oportunidad, agradeci\u00f3 la disposici\u00f3n y la colaboraci\u00f3n del Sistema Michoacano de Radio y Televisi\u00f3n, para estrechar v\u00ednculos que permitan favorecer a los propios michoacanos y adelant\u00f3 que vendr\u00e1n proyectos que permitir\u00e1n direccionar a Michoac\u00e1n como una entidad cultural rica y \u00fanica en el pa\u00eds.<\/p>\n<p>&nbsp;<\/p>\n<p>&nbsp;<\/p>\n<p>Finalmente, el director del Sistema Michoacano, destac\u00f3 la labor de los trabajadores de la \u201cRadio de Todos\u201d, por lo que asegur\u00f3 que el material que se otorgar\u00e1 a Radio Educaci\u00f3n ser\u00e1 del inter\u00e9s y de la calidad que se requiere a nivel nacional.<\/p>\n","protected":false},"excerpt":{"rendered":"<p>El Sistema Michoacano de Radio y Televisi\u00f3n (SMRyTV) firm\u00f3 un convenio de colaboraci\u00f3n y dotaci\u00f3n de contenidos con Radio Educaci\u00f3n, perteneciente a la Secretar\u00eda de Educaci\u00f3n P\u00fablica a nivel federal, con la finalidad de promover, impulsar y divulgar la educaci\u00f3n y cultura en el pa\u00eds.<\/p>\n","protected":false},"author":1,"featured_media":0,"comment_status":"open","ping_status":"open","sticky":false,"template":"","format":"standard","meta":{"footnotes":""},"categories":[14,3],"tags":[],"class_list":["post-6493","post","type-post","status-publish","format-standard","hentry","category-destacadas","category-gobierno-del-estado-de-michoacan"],"_links":{"self":[{"href":"https:\/\/radiowebmx.com\/nota\/wp-json\/wp\/v2\/posts\/6493","targetHints":{"allow":["GET"]}}],"collection":[{"href":"https:\/\/radiowebmx.com\/nota\/wp-json\/wp\/v2\/posts"}],"about":[{"href":"https:\/\/radiowebmx.com\/nota\/wp-json\/wp\/v2\/types\/post"}],"author":[{"embeddable":true,"href":"https:\/\/radiowebmx.com\/nota\/wp-json\/wp\/v2\/users\/1"}],"replies":[{"embeddable":true,"href":"https:\/\/radiowebmx.com\/nota\/wp-json\/wp\/v2\/comments?post=6493"}],"version-history":[{"count":2,"href":"https:\/\/radiowebmx.com\/nota\/wp-json\/wp\/v2\/posts\/6493\/revisions"}],"predecessor-version":[{"id":6496,"href":"https:\/\/radiowebmx.com\/nota\/wp-json\/wp\/v2\/posts\/6493\/revisions\/6496"}],"wp:attachment":[{"href":"https:\/\/radiowebmx.com\/nota\/wp-json\/wp\/v2\/media?parent=6493"}],"wp:term":[{"taxonomy":"category","embeddable":true,"href":"https:\/\/radiowebmx.com\/nota\/wp-json\/wp\/v2\/categories?post=6493"},{"taxonomy":"post_tag","embeddable":true,"href":"https:\/\/radiowebmx.com\/nota\/wp-json\/wp\/v2\/tags?post=6493"}],"curies":[{"name":"wp","href":"https:\/\/api.w.org\/{rel}","templated":true}]}}