{"id":6490,"date":"2014-04-07T13:06:16","date_gmt":"2014-04-07T18:06:16","guid":{"rendered":"https:\/\/radiowebmx.com\/nota\/?p=6490"},"modified":"2014-04-07T13:06:16","modified_gmt":"2014-04-07T18:06:16","slug":"ejercita-pgje-accion-penal-contra-4-presuntos-integrantes-de-una-banda-de-robo-de-vehiculos","status":"publish","type":"post","link":"https:\/\/radiowebmx.com\/nota\/ejercita-pgje-accion-penal-contra-4-presuntos-integrantes-de-una-banda-de-robo-de-vehiculos\/","title":{"rendered":"Ejercita PGJE acci\u00f3n penal contra 4 presuntos  integrantes de una banda de robo de veh\u00edculos"},"content":{"rendered":"<p>La Procuradur\u00eda General de Justicia ejercit\u00f3 acci\u00f3n penal en contra de cuatro probables integrantes de una banda dedicada al robo de veh\u00edculos en esta ciudad capital.<\/p>\n<p>&nbsp;<\/p>\n<p>Se trata de Armando B, de 30 a\u00f1os de edad; Marcos L, de 44 a\u00f1os; Policarpo L, de 49 a\u00f1os; Jos\u00e9 Luis M y Ricardo B, de 30 y 34 a\u00f1os, respectivamente, quienes fueron consignados ante el \u00f3rgano jurisdiccional competente por los delitos de posesi\u00f3n de objetos robados o de procedencia ilegal y narcomenudeo.<\/p>\n<p>&nbsp;<\/p>\n<p>De acuerdo a la averiguaci\u00f3n previa penal del caso, el pasado 02 de abril, elementos de la Secretar\u00eda de Seguridad P\u00fablica realizaban un recorrido en la colonia La Esperanza, donde se percataron de la presencia de cuatro personas que transportaban autopartes a bordo de una unidad Nissan tipo Sentra.<\/p>\n<p>&nbsp;<\/p>\n<p>Los efectivos policiacos intentaron interceptar a los sospechosos, pero \u00e9stos emprendieron la huida, inici\u00e1ndose una persecuci\u00f3n hasta la calle Cam\u00e9cuaro de la misma colonia, donde finalmente fueron requeridos los cuatro presuntos responsables, a quienes se encontr\u00f3 en posesi\u00f3n de una sustancia con las caracter\u00edsticas propias de metanfetamina, distribuida en 19 envoltorios.<\/p>\n<p>&nbsp;<\/p>\n<p>Las primeras diligencias realizadas por personal de la Procuradur\u00eda General de Justicia, permitieron localizar un veh\u00edculo semi-desvalijado marca Nissan, tipo Tsuru, con placas de circulaci\u00f3n PFK-8999 de esta entidad federativa, que contaba con reporte de robo del d\u00eda primero de abril del presente a\u00f1o, ocurrido en la colonia Loma Colorada.<\/p>\n<p>&nbsp;<\/p>\n<p>Adem\u00e1s fueron aseguradas diversas partes automotrices que corresponden a otro veh\u00edculo con reporte de robo, marca Nissan, tipo Tsuru, con placas de circulaci\u00f3n PST-1500, el cual fue sustra\u00eddo en la colonia Ventura Puente, el 15 de marzo del presente a\u00f1o.<\/p>\n<p>&nbsp;<\/p>\n<p>Por lo anterior, los cuatro detenidos fueron puestos a disposici\u00f3n del juzgado penal en turno, a efecto de resolver su situaci\u00f3n jur\u00eddica con respecto a los delitos que se les imputa.<\/p>\n","protected":false},"excerpt":{"rendered":"<p>La Procuradur\u00eda General de Justicia ejercit\u00f3 acci\u00f3n penal en contra de cuatro probables integrantes de una banda dedicada al robo de veh\u00edculos en esta ciudad capital.<\/p>\n","protected":false},"author":1,"featured_media":0,"comment_status":"open","ping_status":"open","sticky":false,"template":"","format":"standard","meta":{"footnotes":""},"categories":[3],"tags":[],"class_list":["post-6490","post","type-post","status-publish","format-standard","hentry","category-gobierno-del-estado-de-michoacan"],"_links":{"self":[{"href":"https:\/\/radiowebmx.com\/nota\/wp-json\/wp\/v2\/posts\/6490","targetHints":{"allow":["GET"]}}],"collection":[{"href":"https:\/\/radiowebmx.com\/nota\/wp-json\/wp\/v2\/posts"}],"about":[{"href":"https:\/\/radiowebmx.com\/nota\/wp-json\/wp\/v2\/types\/post"}],"author":[{"embeddable":true,"href":"https:\/\/radiowebmx.com\/nota\/wp-json\/wp\/v2\/users\/1"}],"replies":[{"embeddable":true,"href":"https:\/\/radiowebmx.com\/nota\/wp-json\/wp\/v2\/comments?post=6490"}],"version-history":[{"count":2,"href":"https:\/\/radiowebmx.com\/nota\/wp-json\/wp\/v2\/posts\/6490\/revisions"}],"predecessor-version":[{"id":6492,"href":"https:\/\/radiowebmx.com\/nota\/wp-json\/wp\/v2\/posts\/6490\/revisions\/6492"}],"wp:attachment":[{"href":"https:\/\/radiowebmx.com\/nota\/wp-json\/wp\/v2\/media?parent=6490"}],"wp:term":[{"taxonomy":"category","embeddable":true,"href":"https:\/\/radiowebmx.com\/nota\/wp-json\/wp\/v2\/categories?post=6490"},{"taxonomy":"post_tag","embeddable":true,"href":"https:\/\/radiowebmx.com\/nota\/wp-json\/wp\/v2\/tags?post=6490"}],"curies":[{"name":"wp","href":"https:\/\/api.w.org\/{rel}","templated":true}]}}