{"id":64897,"date":"2019-05-31T17:04:41","date_gmt":"2019-05-31T22:04:41","guid":{"rendered":"https:\/\/radiowebmx.com\/nota\/?p=64897"},"modified":"2019-05-31T17:04:41","modified_gmt":"2019-05-31T22:04:41","slug":"la-crtm-mantiene-su-postura-de-rechar-verificacion-pasalagua","status":"publish","type":"post","link":"https:\/\/radiowebmx.com\/nota\/la-crtm-mantiene-su-postura-de-rechar-verificacion-pasalagua\/","title":{"rendered":"LA CRTM, MANTIENE SU POSTURA DE RECHAR VERIFICACI\u00d3N: PASALAGUA"},"content":{"rendered":"<p class=\"x_MsoNormal\"><span lang=\"ES\">Mentira que la Comisi\u00f3n Reguladora de Transporte en Michoac\u00e1n (CRTM), est\u00e9 de acuerdo con el programa de Verificaci\u00f3n Vehicular, \u201cnos mantenemos en proceso por la v\u00eda jur\u00eddica porque seguimos rechazando una verificaci\u00f3n con fines recaudatorios y de beneficios a particulares y mantenemos nuestra postura de demanda para que se cambie el esquema a voluntaria para toda la sociedad de la cual formamos parte los transportistas\u201d, se\u00f1al\u00f3 el dirigente transportista, Jos\u00e9 Trinidad Mart\u00ednez Pasalagua.<\/span><\/p>\n<p class=\"x_MsoNormal\"><span lang=\"ES\">\u00a0<\/span><\/p>\n<p class=\"x_MsoNormal\"><span lang=\"ES\">Luego de que se hizo p\u00fablica una nota period\u00edstica en donde supuestamente la CRTM reculaba en relaci\u00f3n a su posici\u00f3n sobre la obligatoriedad de la verificaci\u00f3n el l\u00edder transportista reitero que con claridad refiri\u00f3 que, con la verificaci\u00f3n voluntaria, se puede contribuir a ir generando una cultura ambiental. <\/span><\/p>\n<p class=\"x_MsoNormal\"><span lang=\"ES\">\u00a0<\/span><\/p>\n<p class=\"x_MsoNormal\"><span lang=\"ES\">Reiter\u00f3 al respecto que contin\u00faa el proceso legal mediante el cual, transportistas y propietarios de veh\u00edculos particulares se sumaron al procedimiento de amparo y \u201cseguimos en esa v\u00eda, no vamos a claudicar\u201d, dijo. <\/span><\/p>\n<p class=\"x_MsoNormal\"><span lang=\"ES\">\u00a0<\/span><\/p>\n<p class=\"x_MsoNormal\"><span lang=\"ES\">Asimismo rechaz\u00f3 que el transporte p\u00fablico es el que m\u00e1s contamina, \u201cesto no es as\u00ed, somos el 5 por ciento del universo de veh\u00edculos que circulan en Michoac\u00e1n, como vamos a contaminar m\u00e1s que un 95 por ciento, no pueden satanizar al servicio de transporte p\u00fablico para imponer un programa a modo de unos cuantos\u201d, subray\u00f3. <\/span><\/p>\n<p class=\"x_MsoNormal\"><span lang=\"ES\">\u00a0<\/span><\/p>\n<p class=\"x_MsoNormal\"><span lang=\"ES\">De la misma manera neg\u00f3 que en este momento se est\u00e9 tratando el tema tarifario, \u00a0\u00a0\u201cno hay negociaci\u00f3n de tarifas ni negociaciones en lo obscurito, \u00a0no voy hacerlo nunca con el sacrificio de los usuarios\u00a0 y sociedad en general de la cual somos parte los transportistas y lo que nos duela a nosotros le doler\u00e1 a la sociedad\u201d, expres\u00f3.<\/span><\/p>\n<p class=\"x_MsoNormal\"><span lang=\"ES\">\u00a0<\/span><\/p>\n<p class=\"x_MsoNormal\"><span lang=\"ES\">Finalmente Mart\u00ednez Pasalagua coment\u00f3 que, la verificaci\u00f3n vehicular debe ser integral, de beneficio colectivo para toda la sociedad y rechazamos que un \u00a0programa de medio ambiente, se utilice solo para beneficio de la econom\u00eda de particulares, cuando los recursos que se generen deben ser de beneficio a todos los ciudadanos, con la mejora de r\u00edos, lagos, lagunas, basureros a cielo abierto y el manejo de residuos t\u00f3xicos, ah\u00ed es donde deber\u00edan dirigirse los recursos econ\u00f3micos y si dicen que el transporte p\u00fablico contamina que de los recursos se opere un programa de renovaci\u00f3n del parque vehicular de este importante sector\u201d. <\/span><\/p>\n<p class=\"x_MsoNormal\"><span lang=\"ES\">\u00a0<\/span><\/p>\n","protected":false},"excerpt":{"rendered":"<p>Mentira que la Comisi\u00f3n Reguladora de Transporte en Michoac\u00e1n (CRTM), est\u00e9 de acuerdo con el programa de Verificaci\u00f3n Vehicular, \u201cnos mantenemos en proceso por la v\u00eda jur\u00eddica porque seguimos rechazando una verificaci\u00f3n con fines recaudatorios y de beneficios a particulares y mantenemos nuestra postura de demanda para que se cambie el esquema a voluntaria para [&hellip;]<\/p>\n","protected":false},"author":2,"featured_media":64898,"comment_status":"closed","ping_status":"closed","sticky":false,"template":"","format":"standard","meta":{"footnotes":""},"categories":[11],"tags":[],"class_list":["post-64897","post","type-post","status-publish","format-standard","has-post-thumbnail","hentry","category-partidos-politicos"],"_links":{"self":[{"href":"https:\/\/radiowebmx.com\/nota\/wp-json\/wp\/v2\/posts\/64897","targetHints":{"allow":["GET"]}}],"collection":[{"href":"https:\/\/radiowebmx.com\/nota\/wp-json\/wp\/v2\/posts"}],"about":[{"href":"https:\/\/radiowebmx.com\/nota\/wp-json\/wp\/v2\/types\/post"}],"author":[{"embeddable":true,"href":"https:\/\/radiowebmx.com\/nota\/wp-json\/wp\/v2\/users\/2"}],"replies":[{"embeddable":true,"href":"https:\/\/radiowebmx.com\/nota\/wp-json\/wp\/v2\/comments?post=64897"}],"version-history":[{"count":1,"href":"https:\/\/radiowebmx.com\/nota\/wp-json\/wp\/v2\/posts\/64897\/revisions"}],"predecessor-version":[{"id":64899,"href":"https:\/\/radiowebmx.com\/nota\/wp-json\/wp\/v2\/posts\/64897\/revisions\/64899"}],"wp:featuredmedia":[{"embeddable":true,"href":"https:\/\/radiowebmx.com\/nota\/wp-json\/wp\/v2\/media\/64898"}],"wp:attachment":[{"href":"https:\/\/radiowebmx.com\/nota\/wp-json\/wp\/v2\/media?parent=64897"}],"wp:term":[{"taxonomy":"category","embeddable":true,"href":"https:\/\/radiowebmx.com\/nota\/wp-json\/wp\/v2\/categories?post=64897"},{"taxonomy":"post_tag","embeddable":true,"href":"https:\/\/radiowebmx.com\/nota\/wp-json\/wp\/v2\/tags?post=64897"}],"curies":[{"name":"wp","href":"https:\/\/api.w.org\/{rel}","templated":true}]}}