{"id":64894,"date":"2019-05-31T17:03:14","date_gmt":"2019-05-31T22:03:14","guid":{"rendered":"https:\/\/radiowebmx.com\/nota\/?p=64894"},"modified":"2019-05-31T17:03:14","modified_gmt":"2019-05-31T22:03:14","slug":"habilita-hugo-anaya-consultorio-medico-en-casa-ciudadana","status":"publish","type":"post","link":"https:\/\/radiowebmx.com\/nota\/habilita-hugo-anaya-consultorio-medico-en-casa-ciudadana\/","title":{"rendered":"Habilita Hugo Anaya consultorio m\u00e9dico en Casa Ciudadana"},"content":{"rendered":"<p class=\"x_m_-6488665878810760910gmail-MsoNoSpacing\">El legislador Hugo Anaya \u00c1vila habilit\u00f3 en su Casa Ciudadana un consultorio m\u00e9dico, con servicio a bajo costo, donde habitantes del municipio de La Piedad y de la regi\u00f3n podr\u00e1n recibir atenci\u00f3n de calidad.<\/p>\n<p class=\"x_m_-6488665878810760910gmail-MsoNoSpacing\">\n<p class=\"x_m_-6488665878810760910gmail-MsoNoSpacing\">Anaya \u00c1vila, diputado por el Distrito 01, con cabecera en La Piedad, dej\u00f3 en claro que este servicio pretende apoyar a los grupos m\u00e1s vulnerables en un tema tan importante como es el de la salud e, incluso, los ciudadanos podr\u00e1n acceder a algunos medicamentos.<\/p>\n<p class=\"x_m_-6488665878810760910gmail-MsoNoSpacing\">\n<p class=\"x_m_-6488665878810760910gmail-MsoNoSpacing\">\u201cLa Casa Ciudadana es un espacio donde los michoacanos, sin ning\u00fan tipo de distingo, pueden acercarse a recibir atenci\u00f3n m\u00e9dica a bajo costo, as\u00ed como otro tipo de asesor\u00edas\u201d, dijo.<\/p>\n<p class=\"x_m_-6488665878810760910gmail-MsoNoSpacing\">\n<p class=\"x_m_-6488665878810760910gmail-MsoNoSpacing\">El diputado del grupo Parlamentario del Partido Acci\u00f3n Nacional (GPPAN), se\u00f1al\u00f3 que la Casa Ciudadana adem\u00e1s brindar\u00e1 servicio psicol\u00f3gico y jur\u00eddico.<\/p>\n<p class=\"x_m_-6488665878810760910gmail-MsoNoSpacing\">\n<p>\u201cDesde el Congreso del Estado, los diputados del Grupo Parlamentario del PAN legislamos a favor de todos los ciudadanos, pero adem\u00e1s es imprescindible continuar apoyando a quien m\u00e1s lo necesita con servicios como la atenci\u00f3n m\u00e9dica\u201d, indic\u00f3.<\/p>\n","protected":false},"excerpt":{"rendered":"<p>El legislador Hugo Anaya \u00c1vila habilit\u00f3 en su Casa Ciudadana un consultorio m\u00e9dico, con servicio a bajo costo, donde habitantes del municipio de La Piedad y de la regi\u00f3n podr\u00e1n recibir atenci\u00f3n de calidad. Anaya \u00c1vila, diputado por el Distrito 01, con cabecera en La Piedad, dej\u00f3 en claro que este servicio pretende apoyar a [&hellip;]<\/p>\n","protected":false},"author":2,"featured_media":64895,"comment_status":"closed","ping_status":"closed","sticky":false,"template":"","format":"standard","meta":{"footnotes":""},"categories":[11],"tags":[],"class_list":["post-64894","post","type-post","status-publish","format-standard","has-post-thumbnail","hentry","category-partidos-politicos"],"_links":{"self":[{"href":"https:\/\/radiowebmx.com\/nota\/wp-json\/wp\/v2\/posts\/64894","targetHints":{"allow":["GET"]}}],"collection":[{"href":"https:\/\/radiowebmx.com\/nota\/wp-json\/wp\/v2\/posts"}],"about":[{"href":"https:\/\/radiowebmx.com\/nota\/wp-json\/wp\/v2\/types\/post"}],"author":[{"embeddable":true,"href":"https:\/\/radiowebmx.com\/nota\/wp-json\/wp\/v2\/users\/2"}],"replies":[{"embeddable":true,"href":"https:\/\/radiowebmx.com\/nota\/wp-json\/wp\/v2\/comments?post=64894"}],"version-history":[{"count":1,"href":"https:\/\/radiowebmx.com\/nota\/wp-json\/wp\/v2\/posts\/64894\/revisions"}],"predecessor-version":[{"id":64896,"href":"https:\/\/radiowebmx.com\/nota\/wp-json\/wp\/v2\/posts\/64894\/revisions\/64896"}],"wp:featuredmedia":[{"embeddable":true,"href":"https:\/\/radiowebmx.com\/nota\/wp-json\/wp\/v2\/media\/64895"}],"wp:attachment":[{"href":"https:\/\/radiowebmx.com\/nota\/wp-json\/wp\/v2\/media?parent=64894"}],"wp:term":[{"taxonomy":"category","embeddable":true,"href":"https:\/\/radiowebmx.com\/nota\/wp-json\/wp\/v2\/categories?post=64894"},{"taxonomy":"post_tag","embeddable":true,"href":"https:\/\/radiowebmx.com\/nota\/wp-json\/wp\/v2\/tags?post=64894"}],"curies":[{"name":"wp","href":"https:\/\/api.w.org\/{rel}","templated":true}]}}