{"id":64888,"date":"2019-05-31T16:59:27","date_gmt":"2019-05-31T21:59:27","guid":{"rendered":"https:\/\/radiowebmx.com\/nota\/?p=64888"},"modified":"2019-05-31T16:59:27","modified_gmt":"2019-05-31T21:59:27","slug":"ofreceran-talleres-de-capacitacion-para-aspirantes-a-parlamentarios-juveniles","status":"publish","type":"post","link":"https:\/\/radiowebmx.com\/nota\/ofreceran-talleres-de-capacitacion-para-aspirantes-a-parlamentarios-juveniles\/","title":{"rendered":"Ofrecer\u00e1n talleres de capacitaci\u00f3n para aspirantes a parlamentarios juveniles"},"content":{"rendered":"<p>El Comit\u00e9 Organizador del 7\u00ba Parlamento Juvenil que preside la diputada Tere Mora, e integran\u00a0 Antonio Madriz, Ernesto N\u00fa\u00f1ez, Eduardo Orihuela, Octavio Ocampo y Javier Paredes, ofrecer\u00e1 talleres de capacitaci\u00f3n para los interesados en integrarse a este ejercicio destinado a fomentar la participaci\u00f3n de los j\u00f3venes, en los espacios de toma de decisiones.<br \/>\nAl respecto, la legisladora se\u00f1al\u00f3 que el objetivo es brindar las mejores condiciones para que los interesados puedan despejar todas sus dudas en cuanto a las modalidades de participaci\u00f3n, los temas que pueden abordar y la forma en que deber\u00e1n presentar sus propuestas, entre otras que puedan surgir.<br \/>\nEn ese sentido, invit\u00f3 a los j\u00f3venes entre 18 y 29 a\u00f1os de edad, a que aprovechen estos espacios de capacitaci\u00f3n que servir\u00e1n para que logren aterrizar, o en su caso, perfeccionar sus propuestas; y con ello tengan mejores oportunidades de ser seleccionados.<br \/>\nAsimismo, record\u00f3 que la Convocatoria, as\u00ed como los formatos para la presentaci\u00f3n de iniciativa y proyecto social, pueden ser consultados en la p\u00e1gina de internet del Congreso del Estado, congresomich.gob.mx.<br \/>\nLos cursos de capacitaci\u00f3n ser\u00e1n impartidos por personal del Instituto de Investigaciones y Estudios Legislativos (IEL), en las instalaciones del edificio alterno al Palacio legislativo, conocido como \u201cLa Casona\u201d, ubicado en Av. Morelos Norte, No. 82, esquina con Aquiles Serd\u00e1n, en el Centro Hist\u00f3rico de Morelia, a partir del 3 de junio y hasta el 3 de julio, los d\u00edas lunes, mi\u00e9rcoles y viernes, en horario de 11:00 am a 2:00 horas.<br \/>\nLos interesados podr\u00e1n asistir el d\u00eda que m\u00e1s se ajuste a sus necesidades en el horario se\u00f1alado.<\/p>\n","protected":false},"excerpt":{"rendered":"<p>El Comit\u00e9 Organizador del 7\u00ba Parlamento Juvenil que preside la diputada Tere Mora, e integran\u00a0 Antonio Madriz, Ernesto N\u00fa\u00f1ez, Eduardo Orihuela, Octavio Ocampo y Javier Paredes, ofrecer\u00e1 talleres de capacitaci\u00f3n para los interesados en integrarse a este ejercicio destinado a fomentar la participaci\u00f3n de los j\u00f3venes, en los espacios de toma de decisiones. Al respecto, [&hellip;]<\/p>\n","protected":false},"author":2,"featured_media":64889,"comment_status":"closed","ping_status":"closed","sticky":false,"template":"","format":"standard","meta":{"footnotes":""},"categories":[6],"tags":[],"class_list":["post-64888","post","type-post","status-publish","format-standard","has-post-thumbnail","hentry","category-congreso-del-estado"],"_links":{"self":[{"href":"https:\/\/radiowebmx.com\/nota\/wp-json\/wp\/v2\/posts\/64888","targetHints":{"allow":["GET"]}}],"collection":[{"href":"https:\/\/radiowebmx.com\/nota\/wp-json\/wp\/v2\/posts"}],"about":[{"href":"https:\/\/radiowebmx.com\/nota\/wp-json\/wp\/v2\/types\/post"}],"author":[{"embeddable":true,"href":"https:\/\/radiowebmx.com\/nota\/wp-json\/wp\/v2\/users\/2"}],"replies":[{"embeddable":true,"href":"https:\/\/radiowebmx.com\/nota\/wp-json\/wp\/v2\/comments?post=64888"}],"version-history":[{"count":1,"href":"https:\/\/radiowebmx.com\/nota\/wp-json\/wp\/v2\/posts\/64888\/revisions"}],"predecessor-version":[{"id":64890,"href":"https:\/\/radiowebmx.com\/nota\/wp-json\/wp\/v2\/posts\/64888\/revisions\/64890"}],"wp:featuredmedia":[{"embeddable":true,"href":"https:\/\/radiowebmx.com\/nota\/wp-json\/wp\/v2\/media\/64889"}],"wp:attachment":[{"href":"https:\/\/radiowebmx.com\/nota\/wp-json\/wp\/v2\/media?parent=64888"}],"wp:term":[{"taxonomy":"category","embeddable":true,"href":"https:\/\/radiowebmx.com\/nota\/wp-json\/wp\/v2\/categories?post=64888"},{"taxonomy":"post_tag","embeddable":true,"href":"https:\/\/radiowebmx.com\/nota\/wp-json\/wp\/v2\/tags?post=64888"}],"curies":[{"name":"wp","href":"https:\/\/api.w.org\/{rel}","templated":true}]}}