{"id":64868,"date":"2019-05-31T16:38:41","date_gmt":"2019-05-31T21:38:41","guid":{"rendered":"https:\/\/radiowebmx.com\/nota\/?p=64868"},"modified":"2019-05-31T16:38:41","modified_gmt":"2019-05-31T21:38:41","slug":"reforzaremos-al-pri-con-verdadero-trabajo-en-todo-el-estado-adriana-hernandez","status":"publish","type":"post","link":"https:\/\/radiowebmx.com\/nota\/reforzaremos-al-pri-con-verdadero-trabajo-en-todo-el-estado-adriana-hernandez\/","title":{"rendered":"Reforzaremos al PRI con verdadero trabajo en todo el estado: Adriana Hern\u00e1ndez"},"content":{"rendered":"<p><span style=\"color: #000000;\">El PRI se fortalecer\u00e1 con el verdadero reconocimiento de quienes siempre han acompa\u00f1ado al partido, por lo que el trabajo en campo en todo el estado es fundamental para reforzar nuestra estructura, afirm\u00f3 la diputada Adriana Hern\u00e1ndez \u00cd\u00f1iguez. <\/span><\/p>\n<p><span style=\"color: #000000;\">En el marco de culminaci\u00f3n de la jornada nacional de afiliaci\u00f3n y refrendo de la militancia, Hern\u00e1ndez \u00cd\u00f1iguez celebr\u00f3 la participaci\u00f3n de toda la estructura del partido, lo que permitir\u00e1 reconocer un panorama de c\u00f3mo se encuentra el instituto pol\u00edtico. <\/span><\/p>\n<p><span style=\"color: #000000;\">\u201cEstamos en otra etapa, en una con un trabajo en tierra real, hoy s\u00ed podremos saber, qui\u00e9nes son los que realmente est\u00e1n con nosotros en cada colonia, en el seccional, en la comunidad y en las tenencias, sean muchos o pocos es importante empezar con ellos\u201d, afirm\u00f3 la diputada local. <\/span><\/p>\n<p><span style=\"color: #000000;\">Enfatiz\u00f3 que al PRI le ha tocado levantarse de varios momentos complicados; sin embargo, la militancia y toda la estructura en general han salido adelante. <\/span><\/p>\n<p><span style=\"color: #000000;\">\u201cSiempre ha habido momentos buenos y malos para nosotros, pero quienes realmente tenemos la convicci\u00f3n bien puesta, tenemos que sentirnos orgullosos del partido\u201d, dijo. <\/span><\/p>\n<p><span style=\"color: #000000;\">A la par, consider\u00f3 que es un momento para reflexionar sobre lo que se ha dejado de hacer, \u201ccreo que tambi\u00e9n es un buen momento para reflexionar qu\u00e9 es lo que hemos dejado de hacer, qu\u00e9 hemos hecho mal o qu\u00e9 nos falta por hacer para ayudar a toda nuestra gente que siempre se ha roto la camiseta por el partido, aunque nunca ha participado por ning\u00fan cargo, sino que participan por el orgullo de ser pri\u00edsta\u201d. <\/span><\/p>\n<p><span style=\"color: #000000;\">Finalmente sentenci\u00f3 que al partido lo integran miles de pri\u00edstas que tienen la disposici\u00f3n de trabajar y recorrer toda la entidad. <\/span><\/p>\n<p><span style=\"color: #000000;\">\u201cEstoy segura que somos muchos priistas en la disposici\u00f3n de trabajar y rompernos la camiseta, porque nos gusta trabajar, pisar y caminar la tierra porque as\u00ed nos han ense\u00f1ado muchas otras generaciones dentro del partido\u201d, concluy\u00f3. <\/span><\/p>\n","protected":false},"excerpt":{"rendered":"<p>El PRI se fortalecer\u00e1 con el verdadero reconocimiento de quienes siempre han acompa\u00f1ado al partido, por lo que el trabajo en campo en todo el estado es fundamental para reforzar nuestra estructura, afirm\u00f3 la diputada Adriana Hern\u00e1ndez \u00cd\u00f1iguez. En el marco de culminaci\u00f3n de la jornada nacional de afiliaci\u00f3n y refrendo de la militancia, Hern\u00e1ndez [&hellip;]<\/p>\n","protected":false},"author":2,"featured_media":64869,"comment_status":"closed","ping_status":"closed","sticky":false,"template":"","format":"standard","meta":{"footnotes":""},"categories":[11],"tags":[],"class_list":["post-64868","post","type-post","status-publish","format-standard","has-post-thumbnail","hentry","category-partidos-politicos"],"_links":{"self":[{"href":"https:\/\/radiowebmx.com\/nota\/wp-json\/wp\/v2\/posts\/64868","targetHints":{"allow":["GET"]}}],"collection":[{"href":"https:\/\/radiowebmx.com\/nota\/wp-json\/wp\/v2\/posts"}],"about":[{"href":"https:\/\/radiowebmx.com\/nota\/wp-json\/wp\/v2\/types\/post"}],"author":[{"embeddable":true,"href":"https:\/\/radiowebmx.com\/nota\/wp-json\/wp\/v2\/users\/2"}],"replies":[{"embeddable":true,"href":"https:\/\/radiowebmx.com\/nota\/wp-json\/wp\/v2\/comments?post=64868"}],"version-history":[{"count":1,"href":"https:\/\/radiowebmx.com\/nota\/wp-json\/wp\/v2\/posts\/64868\/revisions"}],"predecessor-version":[{"id":64870,"href":"https:\/\/radiowebmx.com\/nota\/wp-json\/wp\/v2\/posts\/64868\/revisions\/64870"}],"wp:featuredmedia":[{"embeddable":true,"href":"https:\/\/radiowebmx.com\/nota\/wp-json\/wp\/v2\/media\/64869"}],"wp:attachment":[{"href":"https:\/\/radiowebmx.com\/nota\/wp-json\/wp\/v2\/media?parent=64868"}],"wp:term":[{"taxonomy":"category","embeddable":true,"href":"https:\/\/radiowebmx.com\/nota\/wp-json\/wp\/v2\/categories?post=64868"},{"taxonomy":"post_tag","embeddable":true,"href":"https:\/\/radiowebmx.com\/nota\/wp-json\/wp\/v2\/tags?post=64868"}],"curies":[{"name":"wp","href":"https:\/\/api.w.org\/{rel}","templated":true}]}}