{"id":64850,"date":"2019-05-31T16:15:31","date_gmt":"2019-05-31T21:15:31","guid":{"rendered":"https:\/\/radiowebmx.com\/nota\/?p=64850"},"modified":"2019-05-31T16:15:31","modified_gmt":"2019-05-31T21:15:31","slug":"avanza-armonizacion-de-reforma-laboral-en-michoacan-fermin-bernabe","status":"publish","type":"post","link":"https:\/\/radiowebmx.com\/nota\/avanza-armonizacion-de-reforma-laboral-en-michoacan-fermin-bernabe\/","title":{"rendered":"Avanza armonizaci\u00f3n de Reforma Laboral en Michoac\u00e1n: Ferm\u00edn Bernab\u00e9"},"content":{"rendered":"<p>El Grupo Parlamentario de Morena en el Congreso de Michoac\u00e1n present\u00f3 una iniciativa para transitar a la armonizaci\u00f3n de la Reforma Laboral en lo local, con lo que se busca democratizar el sentido sindical de la entidad.<\/p>\n<p>La iniciativa, presentada por los diputados Ferm\u00edn Bernab\u00e9 Bahena, Antonio de Jes\u00fas Madriz Estrada, Francisco Cedillo de Jes\u00fas, Sergio B\u00e1ez Torres, Teresa L\u00f3pez Hern\u00e1ndez, Cristina Portillo Ayala, Zenaida Salvador Br\u00edgido y Sandra Luz Valencia, contempla modificaciones a los art\u00edculos 67, 83 y 89 de la Constituci\u00f3n Pol\u00edtica del Estado Libre y Soberano de Michoac\u00e1n de Ocampo.<\/p>\n<p>Al exponer dicha iniciativa ante el Pleno de la LXXIV Legislatura del Congreso de Michoac\u00e1n, el l\u00edder parlamentario de Morena, Ferm\u00edn Bernab\u00e9 Bahena, subray\u00f3 la importancia de garantizar el respeto a los derechos laborales, con base en normas constitucionales que le permitan al Poder Judicial responder por la justicia laboral en la entidad.<\/p>\n<p>Explic\u00f3 tambi\u00e9n que se deposita el ejercicio del Poder Judicial del Estado en el Supremo Tribunal de Justicia, en el Consejo del Poder Judicial, en los juzgados de primera instancia, en los laborales, en los menores de materia civil, en los comunales, en los de justicia penal para adolescentes y en los de ejecuci\u00f3n de sanciones penales.<\/p>\n<p>\u201cLa funci\u00f3n conciliatoria en materia laboral estar\u00e1 a cargo del Centro de Conciliaci\u00f3n especializado, denominado Centro de Conciliaci\u00f3n Especializado en Materia Laboral del Estado de Michoac\u00e1n de Ocampo, ser\u00e1 un \u00f3rgano aut\u00f3nomo, el cual contar\u00e1 con plena autonom\u00eda t\u00e9cnica, operativa, presupuestaria, de decisi\u00f3n y de gesti\u00f3n\u201d, puntualiz\u00f3.<\/p>\n<p>\u201cEsta reforma crea un organismo descentralizado y aut\u00f3nomo denominado Centro Federal de Conciliaci\u00f3n y Registro Laboral, organismo p\u00fablico que administrar\u00e1 y estar\u00e1 a cargo de la conciliaci\u00f3n para la soluci\u00f3n de controversias entre trabajadores y patrones, entre trabajadores y sindicatos o bien la problem\u00e1tica entre sindicatos\u201d, concluy\u00f3.<\/p>\n","protected":false},"excerpt":{"rendered":"<p>El Grupo Parlamentario de Morena en el Congreso de Michoac\u00e1n present\u00f3 una iniciativa para transitar a la armonizaci\u00f3n de la Reforma Laboral en lo local, con lo que se busca democratizar el sentido sindical de la entidad. La iniciativa, presentada por los diputados Ferm\u00edn Bernab\u00e9 Bahena, Antonio de Jes\u00fas Madriz Estrada, Francisco Cedillo de Jes\u00fas, [&hellip;]<\/p>\n","protected":false},"author":2,"featured_media":64851,"comment_status":"closed","ping_status":"closed","sticky":false,"template":"","format":"standard","meta":{"footnotes":""},"categories":[6],"tags":[],"class_list":["post-64850","post","type-post","status-publish","format-standard","has-post-thumbnail","hentry","category-congreso-del-estado"],"_links":{"self":[{"href":"https:\/\/radiowebmx.com\/nota\/wp-json\/wp\/v2\/posts\/64850","targetHints":{"allow":["GET"]}}],"collection":[{"href":"https:\/\/radiowebmx.com\/nota\/wp-json\/wp\/v2\/posts"}],"about":[{"href":"https:\/\/radiowebmx.com\/nota\/wp-json\/wp\/v2\/types\/post"}],"author":[{"embeddable":true,"href":"https:\/\/radiowebmx.com\/nota\/wp-json\/wp\/v2\/users\/2"}],"replies":[{"embeddable":true,"href":"https:\/\/radiowebmx.com\/nota\/wp-json\/wp\/v2\/comments?post=64850"}],"version-history":[{"count":1,"href":"https:\/\/radiowebmx.com\/nota\/wp-json\/wp\/v2\/posts\/64850\/revisions"}],"predecessor-version":[{"id":64852,"href":"https:\/\/radiowebmx.com\/nota\/wp-json\/wp\/v2\/posts\/64850\/revisions\/64852"}],"wp:featuredmedia":[{"embeddable":true,"href":"https:\/\/radiowebmx.com\/nota\/wp-json\/wp\/v2\/media\/64851"}],"wp:attachment":[{"href":"https:\/\/radiowebmx.com\/nota\/wp-json\/wp\/v2\/media?parent=64850"}],"wp:term":[{"taxonomy":"category","embeddable":true,"href":"https:\/\/radiowebmx.com\/nota\/wp-json\/wp\/v2\/categories?post=64850"},{"taxonomy":"post_tag","embeddable":true,"href":"https:\/\/radiowebmx.com\/nota\/wp-json\/wp\/v2\/tags?post=64850"}],"curies":[{"name":"wp","href":"https:\/\/api.w.org\/{rel}","templated":true}]}}