{"id":64844,"date":"2019-05-30T12:47:01","date_gmt":"2019-05-30T17:47:01","guid":{"rendered":"https:\/\/radiowebmx.com\/nota\/?p=64844"},"modified":"2019-05-30T12:47:01","modified_gmt":"2019-05-30T17:47:01","slug":"morena-prefiere-cubrir-espalda-del-presidente-que-cumplirle-a-los-jovenes-omar-carreon","status":"publish","type":"post","link":"https:\/\/radiowebmx.com\/nota\/morena-prefiere-cubrir-espalda-del-presidente-que-cumplirle-a-los-jovenes-omar-carreon\/","title":{"rendered":"Morena prefiere cubrir espalda del presidente que cumplirle a los j\u00f3venes: Omar Carre\u00f3n"},"content":{"rendered":"<p>Morena prefiere cubrir espalda del presidente que cumplirle a los j\u00f3venes: Omar Carre\u00f3n<\/p>\n<p>La bancada de Morena vot\u00f3 en contra de favorecer a los j\u00f3venes<\/p>\n<p>Para el desarrollo nacional es fundamental atender adecuadamente a los j\u00f3venes, sin embargo, la bancada de Morena en el congreso de Michoac\u00e1n prefiri\u00f3 cubrir la espalda del presidente Andr\u00e9s Manuel L\u00f3pez Obrador ante el incumplimiento de entrega de becas y la continuidad en el Censo de Bienestar, sentenci\u00f3 Omar Carre\u00f3n Abud.<\/p>\n<p>Inicialmente, en tribuna present\u00f3 una propuesta de acuerdo para exhortar al titular del ejecutivo federal a fin de instruir el pago de la Beca Universal \u201cBenito Ju\u00e1rez\u201d a los estudiantes de nivel medio superior, censados y que les hace falta su dep\u00f3sito.<\/p>\n<p>Adem\u00e1s, propuso exhortar a la Secretar\u00eda de Bienestar para girar instrucciones a fin de continuar el Censo de Bienestar a las comunidades y escuelas donde no han llegado.<\/p>\n<p>Carre\u00f3n Abud explic\u00f3 que para lograr un pa\u00eds pr\u00f3spero y con un mejor futuro, debemos invertir tiempo, energ\u00eda y dinero en nuestra juventud, tal y como lo hab\u00eda planteado el ejecutivo federal desde su campa\u00f1a. As\u00ed que solicit\u00f3 el exhorto fuera de obvia y urgente resoluci\u00f3n.<\/p>\n<p>Sin embargo y pese al incumplimiento en la entrega de los recursos ya designados, la bancada de Morena decidi\u00f3 votar en contra.<\/p>\n<p>Lo anterior, lament\u00f3 Carre\u00f3n Abud, pese a que se gan\u00f3 la votaci\u00f3n por el resto de los legisladores presentes, ya que estuvieron de acuerdo en la urgencia de atender el tema. Por lo que critic\u00f3 que para los diputados de Morena no sean prioridad los j\u00f3venes y el cumplimiento de los compromisos ya establecidos.<\/p>\n<p>La educaci\u00f3n da la oportunidad que se requiere para sentar las bases y promover el desarrollo, combatir las desigualdades sociales y construir un nuevo panorama donde impere la inclusi\u00f3n, la diversidad y la integraci\u00f3n, agreg\u00f3 el legislador del Partido Revolucionario Institucional.<\/p>\n<p>\u200bCoincidimos tambi\u00e9n, creo, en que los programas sociales m\u00e1s importantes de esta nueva administraci\u00f3n federal consisten en diferentes formas de entrega directa de dinero a la ciudadan\u00eda, Transferencias Monetarias Directas (TMD), les llaman los economistas, as\u00ed que se trata de compromisos que el propio ejecutivo federal estableci\u00f3.<\/p>\n<p>Es muy probable que est\u00e9n concebidas, no s\u00f3lo como ayudas para mejorar un poco el gasto familiar, consider\u00f3, sino que, con ellas se espere incrementar la demanda efectiva, estimular la oferta de bienes y servicios y as\u00ed expandir la producci\u00f3n y el desarrollo econ\u00f3mico nacional.<\/p>\n<p>\u200bSe trata de nuevas modalidades de viejos programas que no han resultado efectivos ni para lo anteriormente descrito ni para acabar con la pobreza que es en realidad el problema fundamental de nuestro pa\u00eds, \u201cpor lo que no creo que sus efectos de largo plazo vayan m\u00e1s all\u00e1 de mantener conforme con su situaci\u00f3n a una peque\u00f1a parte de la ciudadan\u00eda, sumirla en la resignaci\u00f3n y convencerla de votar en las elecciones en el sentido que al gobierno federal le convenga\u201d.<br \/>\n\u200b<br \/>\nEllo, no obstante, abund\u00f3, no debemos de permanecer impasibles ante el incumplimiento de las promesas gubernamentales y ante la falla evidente del funcionamiento de esos programas. En esta ocasi\u00f3n me refiero particularmente al programa de becas para preparatorianos denominado \u201cBecas Benito Ju\u00e1rez para la Educaci\u00f3n Media Superior\u201d.<\/p>\n<p>\u200bPero, el simple c\u00e1lculo de su cobertura prometida deja muchas dudas: se dice que se le destinar\u00e1n 17 mil millones de pesos para cubrir a todos los preparatorianos del pa\u00eds que ascienden a 4.2 millones de j\u00f3venes a quienes se les otorgar\u00e1n 800 pesos mensuales (cobrables cada dos meses).<\/p>\n<p>No obstante, una simple divisi\u00f3n aritm\u00e9tica entre el n\u00famero de preparatorianos realmente existente y los recursos a distribuir, nos indica que ese dinero s\u00f3lo alcanzar\u00e1 en realidad para beneficiar a 2 millones 125 j\u00f3venes, es decir, al 50.59 por ciento de los preparatorianos.<\/p>\n<p>\u200bFinalmente sentenci\u00f3 que no se trata s\u00f3lo eso, ya que hasta ahora, vencidos los bimestres enero-febrero y marzo-abril, la inmensa mayor\u00eda de los pocos estudiantes a los que se les ha pagado, s\u00f3lo han recibido un pago e ignoran por completo cuando se les va a hacer el otro pago bimestral.<\/p>\n","protected":false},"excerpt":{"rendered":"<p>Morena prefiere cubrir espalda del presidente que cumplirle a los j\u00f3venes: Omar Carre\u00f3n La bancada de Morena vot\u00f3 en contra de favorecer a los j\u00f3venes Para el desarrollo nacional es fundamental atender adecuadamente a los j\u00f3venes, sin embargo, la bancada de Morena en el congreso de Michoac\u00e1n prefiri\u00f3 cubrir la espalda del presidente Andr\u00e9s Manuel [&hellip;]<\/p>\n","protected":false},"author":2,"featured_media":64845,"comment_status":"closed","ping_status":"closed","sticky":false,"template":"","format":"standard","meta":{"footnotes":""},"categories":[6],"tags":[],"class_list":["post-64844","post","type-post","status-publish","format-standard","has-post-thumbnail","hentry","category-congreso-del-estado"],"_links":{"self":[{"href":"https:\/\/radiowebmx.com\/nota\/wp-json\/wp\/v2\/posts\/64844","targetHints":{"allow":["GET"]}}],"collection":[{"href":"https:\/\/radiowebmx.com\/nota\/wp-json\/wp\/v2\/posts"}],"about":[{"href":"https:\/\/radiowebmx.com\/nota\/wp-json\/wp\/v2\/types\/post"}],"author":[{"embeddable":true,"href":"https:\/\/radiowebmx.com\/nota\/wp-json\/wp\/v2\/users\/2"}],"replies":[{"embeddable":true,"href":"https:\/\/radiowebmx.com\/nota\/wp-json\/wp\/v2\/comments?post=64844"}],"version-history":[{"count":1,"href":"https:\/\/radiowebmx.com\/nota\/wp-json\/wp\/v2\/posts\/64844\/revisions"}],"predecessor-version":[{"id":64846,"href":"https:\/\/radiowebmx.com\/nota\/wp-json\/wp\/v2\/posts\/64844\/revisions\/64846"}],"wp:featuredmedia":[{"embeddable":true,"href":"https:\/\/radiowebmx.com\/nota\/wp-json\/wp\/v2\/media\/64845"}],"wp:attachment":[{"href":"https:\/\/radiowebmx.com\/nota\/wp-json\/wp\/v2\/media?parent=64844"}],"wp:term":[{"taxonomy":"category","embeddable":true,"href":"https:\/\/radiowebmx.com\/nota\/wp-json\/wp\/v2\/categories?post=64844"},{"taxonomy":"post_tag","embeddable":true,"href":"https:\/\/radiowebmx.com\/nota\/wp-json\/wp\/v2\/tags?post=64844"}],"curies":[{"name":"wp","href":"https:\/\/api.w.org\/{rel}","templated":true}]}}