{"id":6483,"date":"2014-04-07T12:48:18","date_gmt":"2014-04-07T17:48:18","guid":{"rendered":"https:\/\/radiowebmx.com\/nota\/?p=6483"},"modified":"2014-04-07T12:48:18","modified_gmt":"2014-04-07T17:48:18","slug":"un-anhelo-de-paz-ilumina-michoacan","status":"publish","type":"post","link":"https:\/\/radiowebmx.com\/nota\/un-anhelo-de-paz-ilumina-michoacan\/","title":{"rendered":"UN ANHELO DE PAZ ILUMINA MICHOAC\u00c1N"},"content":{"rendered":"<p><a href=\"https:\/\/radiowebmx.com\/nota\/wp-content\/uploads\/2014\/04\/IMG-20140405-WA033.jpg\"><img loading=\"lazy\" decoding=\"async\" class=\"alignleft size-full wp-image-6484\" alt=\"IMG-20140405-WA033\" src=\"https:\/\/radiowebmx.com\/nota\/wp-content\/uploads\/2014\/04\/IMG-20140405-WA033.jpg\" width=\"591\" height=\"274\" \/><\/a>Miles de familias michoacanas expresaron su deseo por un estado donde reine la paz y la concordia entre sus habitantes, al sumarse este s\u00e1bado a la jornada \u201cIluminemos Michoac\u00e1n\u201d, iniciativa juvenil ciudadana consistente en la elevaci\u00f3n de al menos mil globos de Cantoya, de manera simult\u00e1nea en 10 municipios.<\/p>\n<p>&nbsp;<\/p>\n<p>Cientos de michoacanos se reunieron en diversas plazas de las demarcaciones sede: Morelia, Zit\u00e1cuaro, Uruapan, L\u00e1zaro C\u00e1rdenas, Paracho, Apatzing\u00e1n, Aquila, Zamora, La Piedad, P\u00e1tzcuaro, Charo e Hidalgo, se sumaron a esta jornada impulsada por j\u00f3venes con apoyo de la Secretar\u00eda de Gobernaci\u00f3n (SEGOB) del Gobierno Federal y la Secretar\u00eda de los J\u00f3venes (SEJOVEN) del Ejecutivo Estatal.<\/p>\n<p>&nbsp;<\/p>\n<p>En el marco de la estrategia Juntos lo Vamos a Lograr y luego de diversas mesas de trabajo entre las dependencias, en conjunto con autoridades municipales se opt\u00f3 por apoyar este proyecto, pues de manera sencilla e innovadora, la sociedad expresa su necesidad de paz y los j\u00f3venes muestran su iniciativa para proponer y construir.<\/p>\n<p>&nbsp;<\/p>\n<p>Tras la cuenta regresiva, inici\u00f3 el lanzamiento de los globos de Cantoya, mismos que fueron patrocinados por la SEGOB y repartidos en todos los municipios por el personal de la Secretar\u00eda de los J\u00f3venes. La organizaci\u00f3n en general estuvo a cargo de los j\u00f3venes de Agenda Juvenil, una asociaci\u00f3n civil compuesta por j\u00f3venes apartidistas, proactivos en sus comunidades.<\/p>\n<p>&nbsp;<\/p>\n<p>En su gran mayor\u00eda se lograron elevar la totalidad de los globos. Importante es destacar que en todas las sedes se cont\u00f3 con el apoyo de las Direcciones de Protecci\u00f3n Civil, a fin de evitar tragedias y conflagraciones.<\/p>\n<p>&nbsp;<\/p>\n<p>Juntos lo Vamos a Lograr responde a los planteamientos del Presidente de la Rep\u00fablica, Enrique Pe\u00f1a Nieto; del secretario de Gobernaci\u00f3n, Miguel \u00c1ngel Osorio Chong, y del comisionado para la Seguridad y el Desarrollo Integral de Michoac\u00e1n, Alfredo Castillo Cervantes, de trabajar coordinada y transversalmente para brindar mayores oportunidades que se traduzcan en mejores condiciones de vida para los michoacanos.<\/p>\n","protected":false},"excerpt":{"rendered":"<p>Miles de familias michoacanas expresaron su deseo por un estado donde reine la paz y la concordia entre sus habitantes, al sumarse este s\u00e1bado a la jornada \u201cIluminemos Michoac\u00e1n\u201d, iniciativa juvenil ciudadana consistente en la elevaci\u00f3n de al menos mil globos de Cantoya, de manera simult\u00e1nea en 10 municipios.<\/p>\n","protected":false},"author":1,"featured_media":0,"comment_status":"open","ping_status":"open","sticky":false,"template":"","format":"standard","meta":{"footnotes":""},"categories":[14,3],"tags":[],"class_list":["post-6483","post","type-post","status-publish","format-standard","hentry","category-destacadas","category-gobierno-del-estado-de-michoacan"],"_links":{"self":[{"href":"https:\/\/radiowebmx.com\/nota\/wp-json\/wp\/v2\/posts\/6483","targetHints":{"allow":["GET"]}}],"collection":[{"href":"https:\/\/radiowebmx.com\/nota\/wp-json\/wp\/v2\/posts"}],"about":[{"href":"https:\/\/radiowebmx.com\/nota\/wp-json\/wp\/v2\/types\/post"}],"author":[{"embeddable":true,"href":"https:\/\/radiowebmx.com\/nota\/wp-json\/wp\/v2\/users\/1"}],"replies":[{"embeddable":true,"href":"https:\/\/radiowebmx.com\/nota\/wp-json\/wp\/v2\/comments?post=6483"}],"version-history":[{"count":1,"href":"https:\/\/radiowebmx.com\/nota\/wp-json\/wp\/v2\/posts\/6483\/revisions"}],"predecessor-version":[{"id":6485,"href":"https:\/\/radiowebmx.com\/nota\/wp-json\/wp\/v2\/posts\/6483\/revisions\/6485"}],"wp:attachment":[{"href":"https:\/\/radiowebmx.com\/nota\/wp-json\/wp\/v2\/media?parent=6483"}],"wp:term":[{"taxonomy":"category","embeddable":true,"href":"https:\/\/radiowebmx.com\/nota\/wp-json\/wp\/v2\/categories?post=6483"},{"taxonomy":"post_tag","embeddable":true,"href":"https:\/\/radiowebmx.com\/nota\/wp-json\/wp\/v2\/tags?post=6483"}],"curies":[{"name":"wp","href":"https:\/\/api.w.org\/{rel}","templated":true}]}}