{"id":64814,"date":"2019-05-28T21:42:08","date_gmt":"2019-05-29T02:42:08","guid":{"rendered":"https:\/\/radiowebmx.com\/nota\/?p=64814"},"modified":"2019-05-28T21:42:08","modified_gmt":"2019-05-29T02:42:08","slug":"el-sector-social-del-pais-en-riesgo-por-recortes-presupuestales-prd","status":"publish","type":"post","link":"https:\/\/radiowebmx.com\/nota\/el-sector-social-del-pais-en-riesgo-por-recortes-presupuestales-prd\/","title":{"rendered":"El sector social del pa\u00eds en riesgo, por recortes presupuestales: PRD"},"content":{"rendered":"<p>El Comit\u00e9 Ejecutivo Estatal (CEE), del Partido de la Revoluci\u00f3n Democr\u00e1tica (PRD), reprob\u00f3 los recortes presupuestales que la Federaci\u00f3n ha aplicado en diversos sectores sociales.<\/p>\n<p>Antonio Soto S\u00e1nchez, Presidente del Partido de la Revoluci\u00f3n Democr\u00e1tica (PRD), dijo que, \u201cvemos un riesgo, y lejos de caminar hacia una plena y total salud p\u00fablica, con estas medidas se est\u00e1 volviendo inviable el sistema de salud nacional\u201d.<\/p>\n<p>En la tradicional Conferencia de Prensa de los lunes, Soto S\u00e1nchez sostuvo que ya se est\u00e1n presentando los primeros efectos negativos, porque los servicios de salud no est\u00e1n llegando a quienes m\u00e1s lo necesitan, y por otra parte, han sido despedidos 10 mil m\u00e9dicos en diferentes entidades.<\/p>\n<p>El Diputado Local asegur\u00f3 que es una contradicci\u00f3n que el Presidente de la Rep\u00fablica, Andr\u00e9s Manuel L\u00f3pez Obrador, en el discurso diga que se acab\u00f3 el neoliberalismo, pero en la pr\u00e1ctica se est\u00e1 fortaleciendo porque con esta acci\u00f3n hay un fortalecimiento del sector privado de salud, en detrimento del p\u00fablico.<\/p>\n<p>\u201cEl PRD ha luchado desde hace 30 a\u00f1os para que el estado brinde servicios de salud p\u00fablica y seguridad social de calidad a todos los mexicanos. Nos preocupa porque son 25 millones de mexicanos los que est\u00e1n siendo afectados\u201d, declar\u00f3 Soto S\u00e1nchez.<\/p>\n<p>Por otra parte, Antonio Soto dio a conocer que se ha reforzado la Campa\u00f1a de Afiliaci\u00f3n y Refrendo del PRD, por lo que mencion\u00f3 que est\u00e1 abierta la invitaci\u00f3n a sumarse a este instituto pol\u00edtico y tambi\u00e9n para registro de \u201cAuxiliares\u201d.<\/p>\n<p>Estuvieron en la Conferencia de Prensa, Ver\u00f3nica Naranjo Vargas, Secretaria de Equidad de G\u00e9nero, Brissa Arroyo Mart\u00ednez, Secretaria de Comunicaci\u00f3n, Difusi\u00f3n y Propaganda, Gerardo Olloqui Estrada , Secretario de Pol\u00edtica y Alianza,<br \/>\nMarvin Alexis Toledo Gallardo, Secretario de los J\u00f3venes, Helder Valencia Soto, de Finanzas.<\/p>\n<p>De igual forma, Orlando Atri\u00e1n D\u00edaz, Secretario de Operaci\u00f3n Pol\u00edtica, Karina Miranda, Secretaria de Desarrollo Rural, Ubaldo Posadas, Secretario de Organizaci\u00f3n y Cristhian Couto, de Asuntos Legislativos.<\/p>\n","protected":false},"excerpt":{"rendered":"<p>El Comit\u00e9 Ejecutivo Estatal (CEE), del Partido de la Revoluci\u00f3n Democr\u00e1tica (PRD), reprob\u00f3 los recortes presupuestales que la Federaci\u00f3n ha aplicado en diversos sectores sociales. Antonio Soto S\u00e1nchez, Presidente del Partido de la Revoluci\u00f3n Democr\u00e1tica (PRD), dijo que, \u201cvemos un riesgo, y lejos de caminar hacia una plena y total salud p\u00fablica, con estas medidas [&hellip;]<\/p>\n","protected":false},"author":2,"featured_media":64815,"comment_status":"closed","ping_status":"closed","sticky":false,"template":"","format":"standard","meta":{"footnotes":""},"categories":[11],"tags":[],"class_list":["post-64814","post","type-post","status-publish","format-standard","has-post-thumbnail","hentry","category-partidos-politicos"],"_links":{"self":[{"href":"https:\/\/radiowebmx.com\/nota\/wp-json\/wp\/v2\/posts\/64814","targetHints":{"allow":["GET"]}}],"collection":[{"href":"https:\/\/radiowebmx.com\/nota\/wp-json\/wp\/v2\/posts"}],"about":[{"href":"https:\/\/radiowebmx.com\/nota\/wp-json\/wp\/v2\/types\/post"}],"author":[{"embeddable":true,"href":"https:\/\/radiowebmx.com\/nota\/wp-json\/wp\/v2\/users\/2"}],"replies":[{"embeddable":true,"href":"https:\/\/radiowebmx.com\/nota\/wp-json\/wp\/v2\/comments?post=64814"}],"version-history":[{"count":1,"href":"https:\/\/radiowebmx.com\/nota\/wp-json\/wp\/v2\/posts\/64814\/revisions"}],"predecessor-version":[{"id":64816,"href":"https:\/\/radiowebmx.com\/nota\/wp-json\/wp\/v2\/posts\/64814\/revisions\/64816"}],"wp:featuredmedia":[{"embeddable":true,"href":"https:\/\/radiowebmx.com\/nota\/wp-json\/wp\/v2\/media\/64815"}],"wp:attachment":[{"href":"https:\/\/radiowebmx.com\/nota\/wp-json\/wp\/v2\/media?parent=64814"}],"wp:term":[{"taxonomy":"category","embeddable":true,"href":"https:\/\/radiowebmx.com\/nota\/wp-json\/wp\/v2\/categories?post=64814"},{"taxonomy":"post_tag","embeddable":true,"href":"https:\/\/radiowebmx.com\/nota\/wp-json\/wp\/v2\/tags?post=64814"}],"curies":[{"name":"wp","href":"https:\/\/api.w.org\/{rel}","templated":true}]}}