{"id":64790,"date":"2019-05-28T21:23:24","date_gmt":"2019-05-29T02:23:24","guid":{"rendered":"https:\/\/radiowebmx.com\/nota\/?p=64790"},"modified":"2019-05-28T21:23:24","modified_gmt":"2019-05-29T02:23:24","slug":"con-la-participacion-de-mas-de-30-musicos-y-academicos-y-actividades-organizadas-en-diferentes-sedes-de-la-capital-michoacana-del-6-al-9-de-junio-se-llevara-a-cabo-verso-y-redoble-septimo","status":"publish","type":"post","link":"https:\/\/radiowebmx.com\/nota\/con-la-participacion-de-mas-de-30-musicos-y-academicos-y-actividades-organizadas-en-diferentes-sedes-de-la-capital-michoacana-del-6-al-9-de-junio-se-llevara-a-cabo-verso-y-redoble-septimo\/","title":{"rendered":"Con la participaci\u00f3n de m\u00e1s de 30 m\u00fasicos y acad\u00e9micos, y actividades organizadas en diferentes sedes de la capital michoacana, del 6 al 9 de junio se llevar\u00e1 a cabo \u201cVerso y Redoble. S\u00e9ptimo Encuentro de M\u00fasica Tradicional\u201d; proyecto de la Universidad Nacional Aut\u00f3noma de M\u00e9xico (UNAM), coordinado por la Escuela Nacional de Estudios Superiores (ENES) Unidad Morelia, que tambi\u00e9n cuenta con el apoyo de los gobiernos del Estado y municipal, a trav\u00e9s de sus respectivas secretar\u00edas de Cultura.  En esta ocasi\u00f3n, el Encuentro estar\u00e1 dedicado a la valona, y tendr\u00e1 como figuras homenajeadas a Manuel P\u00e9rez Morf\u00edn, de la agrupaci\u00f3n \u201cAlma de Apatzing\u00e1n\u201d, y a Rafael Figueroa, del grupo Siquisir\u00ed, quienes participar\u00e1n en un conversatorio.  Como representante del Gobierno Estatal que es encabezado por Silvano Aureoles Conejo, el secretario de cultura, Claudio M\u00e9ndez Fern\u00e1ndez, expres\u00f3 que se deben descentralizar las pol\u00edticas p\u00fablicas en materia de cultura, y generar vitrinas, a fin de que el p\u00fablico conozca las expresiones del arte que se dan en los 113 municipios, por lo que la realizaci\u00f3n de este encuentro es una buena oportunidad para que los habitantes y visitantes de Morelia las disfruten, gocen y preserven.  \u201cSi algo tiene Michoac\u00e1n de qu\u00e9 presumir, es de las expresiones culturales y art\u00edsticas que se dan en el territorio, por lo que invit\u00f3 a la poblaci\u00f3n a que conozca y sepa de este bagaje y acervo art\u00edstico\u201d, indic\u00f3 M\u00e9ndez Fern\u00e1ndez.  Neyra Sosa Guti\u00e9rrez, secretaria de Vinculaci\u00f3n de la ENES Unidad Morelia, mencion\u00f3 que el objetivo del encuentro es acercar a la comunidad universitaria y al p\u00fablico en general a la creaci\u00f3n e interpretaci\u00f3n art\u00edstica de los m\u00fasicos tradicionales del pa\u00eds, a la de los folcloristas y tambi\u00e9n de acad\u00e9micos que han estudiado, cultivado y dado a conocer la m\u00fasica y la l\u00edrica del son mexicano.  Mar\u00eda Ivonne Z\u00e1rate Contreras, responsable del Centro Cultural UNAM Morelia, ofreci\u00f3 los pormenores de este encuentro, que incluye fandangos y conciertos que podr\u00e1n disfrutarse en la Plaza Benito Ju\u00e1rez, en el centro hist\u00f3rico moreliano. El taller de zapateado de Tierra Caliente se impartir\u00e1 en el Poliforum Centro de Innovaci\u00f3n Social, mientras que el de D\u00e9cimas se desarrollar\u00e1 en la Casa de la Cultura de Morelia.  Tambi\u00e9n se destac\u00f3 la realizaci\u00f3n de un encuentro de versadores y decimistas el viernes 7 de junio a las 8 de la noche en la Plaza Benito Ju\u00e1rez a un costado de Catedral, en el que participar\u00e1n Erika Medell\u00edn, Diego L\u00f3pez Vergara y Ad\u00e1n Reyes, bajo la conducci\u00f3n de la versadora Hayde Guerra.  Entre las actividades acad\u00e9micas se encuentra el conversatorio Fandango Fronterizo. Tambi\u00e9n se brindar\u00e1n dos conciertos did\u00e1cticos y se presentar\u00e1 la obra de teatro \u201cCantando y sonando: del Tequio al fandango, a cargo de Trotamundos Teatro y la agrupaci\u00f3n Media Luna. El Laboratorio Nacional de Materiales Orales, (LANMO) ofrecer\u00e1 la presentaci\u00f3n discogr\u00e1fica de la antolog\u00eda digital de \u201cVerso y Redoble\u201d.  Este encuentro tambi\u00e9n cuenta con el apoyo de la Universidad Latina de Am\u00e9rica, , el Sistema Michoacano de Radio y Televisi\u00f3n la Universidad Michoacana de San Nicol\u00e1s de Hidalgo y la Unidad de Investigaci\u00f3n sobre Representaciones Culturales y Sociales, entre otras instituciones."},"content":{"rendered":"<p>En la Comisi\u00f3n de Puntos Constitucionales en la LXXIV Legislatura Local, se dio el ha lugar a la iniciativa presentada por el diputado Norberto Antonio Mart\u00ednez Soto en la que propone reformar la Constituci\u00f3n Pol\u00edtica del Estado para incorporar el principio de igualdad entre hombres y mujeres, as\u00ed mismo el derecho a decidir de manera libre sobre el n\u00famero y el espaciamiento de sus hijos.<\/p>\n<p>La iniciativa presentada por el diputado integrante del Grupo Parlamentario del Partido de la Revoluci\u00f3n Democr\u00e1tica (PRD), en el Congreso del Estado, tiene como prop\u00f3sito modificar el 2\u00b0 de la Constituci\u00f3n Pol\u00edtica del Estado Libre y Soberano de Michoac\u00e1n de Ocampo y la misma, va en armonizaci\u00f3n con el art\u00edculo 4\u00b0 constitucional de la Constituci\u00f3n Federal, sobre los criterios de igualdad.<\/p>\n<p>\u201cNuestro compromiso es consagrar la igualdad del hombre y la mujer en la Constituci\u00f3n Pol\u00edtica del Estado de Michoac\u00e1n, es un asunto que no debe postergarse m\u00e1s, pues en ella radica el reconocimiento pleno en la entidad de los derechos de las mujeres\u201d.<\/p>\n<p>Tony Mart\u00ednez celebr\u00f3 que en la comisi\u00f3n se haya dictaminado la procedencia de su iniciativa, misma que ser\u00e1 turnada al Pleno para la sesi\u00f3n de la siguiente semana y ser\u00e1 enviada a comisiones para su dictaminaci\u00f3n.<\/p>\n<p>La propuesta del diputado local por el Distrito de Hidalgo tiene como finalidad el incorporar en la Constituci\u00f3n el que se establezca que el hombre y la mujer son iguales ante la Ley, y que toda persona tiene derecho a decidir de manera libre, responsable e informada sobre el n\u00famero y el espaciamiento de sus hijos.<\/p>\n<p>Adem\u00e1s \u00e9sta reforma busca garantizar el derecho al sano esparcimiento de los hijos, generando los medios necesarios para un crecimiento integro, en un ambiente adecuado y acorde a las caracter\u00edsticas propios de cada familia.<\/p>\n<p>\u201cLa incorporaci\u00f3n de la igualdad y la decisi\u00f3n sobre el n\u00famero de hijos, son derechos que se asocian \u00edntimamente con el principio de equidad de g\u00e9nero, as\u00ed como con el ejercicio libre de la sexualidad de conformidad con los principios de universalidad, interdependencia, indivisibilidad y progresividad\u201d.<\/p>\n<p>Con ello, se busca otorgar certeza jur\u00eddica a las mujeres y hombres en lo relativo a la equidad de g\u00e9nero y \u00a0respecto al derecho que tienen a decidir el n\u00famero de hijos que desean tener, por lo que se hace necesario reformar el m\u00e1ximo ordenamiento estatal y armonizarla con la Constituci\u00f3n Pol\u00edtica de los Estados Unidos Mexicanos.<\/p>\n<p>Con esta propuesta se fortalece la cultura de responsabilidad, para que las personas sean sujetos responsables \u00a0de su capacidad reproductiva y fecundidad, decidiendo libre e informadamente sobre el n\u00famero y espaciamiento de los hijos deseados, por ello, se impulsa el generar condiciones de equidad plena entre mujeres y hombres en Michoac\u00e1n.<\/p>\n<p>Cabe se\u00f1alar que la iniciativa de Tony Mart\u00ednez pretende salvaguardar derechos fundamentales de las mujeres y de los hombres, fomentando una cultura que conduce a las personas a ser sujetos responsables de su capacidad reproductiva y fecundidad<\/p>\n","protected":false},"excerpt":{"rendered":"<p>En la Comisi\u00f3n de Puntos Constitucionales en la LXXIV Legislatura Local, se dio el ha lugar a la iniciativa presentada por el diputado Norberto Antonio Mart\u00ednez Soto en la que propone reformar la Constituci\u00f3n Pol\u00edtica del Estado para incorporar el principio de igualdad entre hombres y mujeres, as\u00ed mismo el derecho a decidir de manera [&hellip;]<\/p>\n","protected":false},"author":2,"featured_media":64791,"comment_status":"closed","ping_status":"closed","sticky":false,"template":"","format":"standard","meta":{"footnotes":""},"categories":[6],"tags":[],"class_list":["post-64790","post","type-post","status-publish","format-standard","has-post-thumbnail","hentry","category-congreso-del-estado"],"_links":{"self":[{"href":"https:\/\/radiowebmx.com\/nota\/wp-json\/wp\/v2\/posts\/64790","targetHints":{"allow":["GET"]}}],"collection":[{"href":"https:\/\/radiowebmx.com\/nota\/wp-json\/wp\/v2\/posts"}],"about":[{"href":"https:\/\/radiowebmx.com\/nota\/wp-json\/wp\/v2\/types\/post"}],"author":[{"embeddable":true,"href":"https:\/\/radiowebmx.com\/nota\/wp-json\/wp\/v2\/users\/2"}],"replies":[{"embeddable":true,"href":"https:\/\/radiowebmx.com\/nota\/wp-json\/wp\/v2\/comments?post=64790"}],"version-history":[{"count":1,"href":"https:\/\/radiowebmx.com\/nota\/wp-json\/wp\/v2\/posts\/64790\/revisions"}],"predecessor-version":[{"id":64792,"href":"https:\/\/radiowebmx.com\/nota\/wp-json\/wp\/v2\/posts\/64790\/revisions\/64792"}],"wp:featuredmedia":[{"embeddable":true,"href":"https:\/\/radiowebmx.com\/nota\/wp-json\/wp\/v2\/media\/64791"}],"wp:attachment":[{"href":"https:\/\/radiowebmx.com\/nota\/wp-json\/wp\/v2\/media?parent=64790"}],"wp:term":[{"taxonomy":"category","embeddable":true,"href":"https:\/\/radiowebmx.com\/nota\/wp-json\/wp\/v2\/categories?post=64790"},{"taxonomy":"post_tag","embeddable":true,"href":"https:\/\/radiowebmx.com\/nota\/wp-json\/wp\/v2\/tags?post=64790"}],"curies":[{"name":"wp","href":"https:\/\/api.w.org\/{rel}","templated":true}]}}