{"id":6476,"date":"2014-04-04T14:08:45","date_gmt":"2014-04-04T20:08:45","guid":{"rendered":"https:\/\/radiowebmx.com\/nota\/?p=6476"},"modified":"2014-04-04T14:08:45","modified_gmt":"2014-04-04T20:08:45","slug":"detiene-pgje-a-presunto-violador-de-una-menor-de-tres-anos-de-edad","status":"publish","type":"post","link":"https:\/\/radiowebmx.com\/nota\/detiene-pgje-a-presunto-violador-de-una-menor-de-tres-anos-de-edad\/","title":{"rendered":"Detiene PGJE a presunto violador de una menor de tres a\u00f1os de edad"},"content":{"rendered":"<p>Elementos de la Polic\u00eda Ministerial efectuaron la captura de un var\u00f3n que presuntamente abus\u00f3 de una menor de tres a\u00f1os de edad, la cual es hija de su pareja.<\/p>\n<p>&nbsp;<\/p>\n<p>El detenido fue identificado como Jos\u00e9 Francisco F., \u201cEl Azteca\u201d, de 26 a\u00f1os de edad, quien se encuentra relacionado en averiguaci\u00f3n previa por el delito de violaci\u00f3n, derivada de la denuncia que present\u00f3 en su contra la abuela de la menor agraviada, en la Agencia del Ministerio P\u00fablico Especializada en Delitos Sexuales de la Subprocuradur\u00eda Regional de Justicia.<\/p>\n<p>&nbsp;<\/p>\n<p>De acuerdo con los hechos denunciados, el presunto responsable se qued\u00f3 a cargo de dos menores hijos de su pareja, mientras \u00e9sta desempe\u00f1aba su trabajo. Sin embargo, \u201cEl Azteca\u201d aprovech\u00f3 la ocasi\u00f3n para abusar de la ni\u00f1a; posteriormente la llev\u00f3 junto con su hermano a la vivienda de su abuela para dejarlos bajo su cuidado.<\/p>\n<p>&nbsp;<\/p>\n<p>Al notar una actitud extra\u00f1a en la menor, la se\u00f1ora la interrog\u00f3 para saber qu\u00e9 le pasaba y as\u00ed se enter\u00f3 del proceder de Jos\u00e9 Francisco F., por lo que acudi\u00f3 ante la representaci\u00f3n social para presentar formal denuncia en su contra. El presunto responsable tiene su domicilio en la poblaci\u00f3n de Ario de Ray\u00f3n, donde fue localizado y detenido por la Polic\u00eda Ministerial.<\/p>\n","protected":false},"excerpt":{"rendered":"<p>Elementos de la Polic\u00eda Ministerial efectuaron la captura de un var\u00f3n que presuntamente abus\u00f3 de una menor de tres a\u00f1os de edad, la cual es hija de su pareja.<\/p>\n","protected":false},"author":1,"featured_media":0,"comment_status":"open","ping_status":"open","sticky":false,"template":"","format":"standard","meta":{"footnotes":""},"categories":[14,3],"tags":[],"class_list":["post-6476","post","type-post","status-publish","format-standard","hentry","category-destacadas","category-gobierno-del-estado-de-michoacan"],"_links":{"self":[{"href":"https:\/\/radiowebmx.com\/nota\/wp-json\/wp\/v2\/posts\/6476","targetHints":{"allow":["GET"]}}],"collection":[{"href":"https:\/\/radiowebmx.com\/nota\/wp-json\/wp\/v2\/posts"}],"about":[{"href":"https:\/\/radiowebmx.com\/nota\/wp-json\/wp\/v2\/types\/post"}],"author":[{"embeddable":true,"href":"https:\/\/radiowebmx.com\/nota\/wp-json\/wp\/v2\/users\/1"}],"replies":[{"embeddable":true,"href":"https:\/\/radiowebmx.com\/nota\/wp-json\/wp\/v2\/comments?post=6476"}],"version-history":[{"count":1,"href":"https:\/\/radiowebmx.com\/nota\/wp-json\/wp\/v2\/posts\/6476\/revisions"}],"predecessor-version":[{"id":6477,"href":"https:\/\/radiowebmx.com\/nota\/wp-json\/wp\/v2\/posts\/6476\/revisions\/6477"}],"wp:attachment":[{"href":"https:\/\/radiowebmx.com\/nota\/wp-json\/wp\/v2\/media?parent=6476"}],"wp:term":[{"taxonomy":"category","embeddable":true,"href":"https:\/\/radiowebmx.com\/nota\/wp-json\/wp\/v2\/categories?post=6476"},{"taxonomy":"post_tag","embeddable":true,"href":"https:\/\/radiowebmx.com\/nota\/wp-json\/wp\/v2\/tags?post=6476"}],"curies":[{"name":"wp","href":"https:\/\/api.w.org\/{rel}","templated":true}]}}