{"id":6462,"date":"2014-04-04T13:37:20","date_gmt":"2014-04-04T19:37:20","guid":{"rendered":"https:\/\/radiowebmx.com\/nota\/?p=6462"},"modified":"2014-04-04T13:37:20","modified_gmt":"2014-04-04T19:37:20","slug":"la-educacion-es-una-opcion-de-vida-sierra-arias","status":"publish","type":"post","link":"https:\/\/radiowebmx.com\/nota\/la-educacion-es-una-opcion-de-vida-sierra-arias\/","title":{"rendered":"LA EDUCACI\u00d3N ES UNA OPCI\u00d3N DE VIDA: SIERRA ARIAS"},"content":{"rendered":"<p><a href=\"https:\/\/radiowebmx.com\/nota\/wp-content\/uploads\/2014\/04\/4Q4A6362.jpg\"><img loading=\"lazy\" decoding=\"async\" class=\"alignleft size-full wp-image-6463\" alt=\"4Q4A6362\" src=\"https:\/\/radiowebmx.com\/nota\/wp-content\/uploads\/2014\/04\/4Q4A6362.jpg\" width=\"591\" height=\"278\" \/><\/a>\u201cLa Educaci\u00f3n es una opci\u00f3n de vida, genera transformaciones profundas para quien vive ese proceso y provoca una visi\u00f3n diversa de la vida; nos permite apreciar oportunidades, ejercer valores y exigir respeto a nuestros derechos\u201d, asegur\u00f3 el secretario de Educaci\u00f3n en el Estado, J. Jes\u00fas Sierra Arias.<\/p>\n<p>Lo anterior, al acudir, con la representaci\u00f3n del gobernador, Fausto Vallejo Figueroa, al acto por el 49 Aniversario de la creaci\u00f3n del Instituto Tecnol\u00f3gico de Morelia \u201cJos\u00e9 Ma. Morelos y Pav\u00f3n\u201d.<\/p>\n<p>Ante la comunidad estudiantil, personal acad\u00e9mico y administrativo, Sierra Arias precis\u00f3 que cumplir 49 a\u00f1os pueden ser pocos o muchos, seg\u00fan se quiera decir, pero para una sociedad que tiene en su seno a un elemento transformador es poco tiempo, no se puede decir que se ha cumplido la meta ni la misi\u00f3n, sino que est\u00e1n en el inicio de observar los primeros resultados.<\/p>\n<p>El Secretario de Educaci\u00f3n destac\u00f3 que esta instituci\u00f3n de Nivel Superior ha reflejado con su esfuerzo y dedicaci\u00f3n que los egresados tienen \u00e9xito y triunfo en diversas \u00e1reas.<\/p>\n<p>Por su parte, el director general del ITM, Paulino Rivas Mart\u00ednez, dijo que a partir de la pr\u00f3xima semana adelantar\u00e1n los festejos del 50 aniversario de la instituci\u00f3n y continuar\u00e1n con el compromiso de seguir fortaleciendo la zona industrial y de servicios, as\u00ed como ofrecer educaci\u00f3n de calidad.<\/p>\n<p>Durante el acto se cont\u00f3 con la participaci\u00f3n en el pres\u00eddium de dos ex alumnos de la instituci\u00f3n: el diputado local, Alfonso Mart\u00ednez Alc\u00e1zar y el \u00a0s\u00edndico del Ayuntamiento de Morelia, Salvador Abud Mirabent, quien acudi\u00f3 con la representaci\u00f3n del presidente municipal, Wilfrido L\u00e1zaro Medina.<\/p>\n<p>Tambi\u00e9n entregaron reconocimientos a los trabajadores que cumplieron 20, 25, 30 y 35 a\u00f1os de antig\u00fcedad.<\/p>\n","protected":false},"excerpt":{"rendered":"<p>\u201cLa Educaci\u00f3n es una opci\u00f3n de vida, genera transformaciones profundas para quien vive ese proceso y provoca una visi\u00f3n diversa de la vida; nos permite apreciar oportunidades, ejercer valores y exigir respeto a nuestros derechos\u201d, asegur\u00f3 el secretario de Educaci\u00f3n en el Estado, J. Jes\u00fas Sierra Arias.<\/p>\n","protected":false},"author":1,"featured_media":0,"comment_status":"open","ping_status":"open","sticky":false,"template":"","format":"standard","meta":{"footnotes":""},"categories":[14,3],"tags":[],"class_list":["post-6462","post","type-post","status-publish","format-standard","hentry","category-destacadas","category-gobierno-del-estado-de-michoacan"],"_links":{"self":[{"href":"https:\/\/radiowebmx.com\/nota\/wp-json\/wp\/v2\/posts\/6462","targetHints":{"allow":["GET"]}}],"collection":[{"href":"https:\/\/radiowebmx.com\/nota\/wp-json\/wp\/v2\/posts"}],"about":[{"href":"https:\/\/radiowebmx.com\/nota\/wp-json\/wp\/v2\/types\/post"}],"author":[{"embeddable":true,"href":"https:\/\/radiowebmx.com\/nota\/wp-json\/wp\/v2\/users\/1"}],"replies":[{"embeddable":true,"href":"https:\/\/radiowebmx.com\/nota\/wp-json\/wp\/v2\/comments?post=6462"}],"version-history":[{"count":1,"href":"https:\/\/radiowebmx.com\/nota\/wp-json\/wp\/v2\/posts\/6462\/revisions"}],"predecessor-version":[{"id":6464,"href":"https:\/\/radiowebmx.com\/nota\/wp-json\/wp\/v2\/posts\/6462\/revisions\/6464"}],"wp:attachment":[{"href":"https:\/\/radiowebmx.com\/nota\/wp-json\/wp\/v2\/media?parent=6462"}],"wp:term":[{"taxonomy":"category","embeddable":true,"href":"https:\/\/radiowebmx.com\/nota\/wp-json\/wp\/v2\/categories?post=6462"},{"taxonomy":"post_tag","embeddable":true,"href":"https:\/\/radiowebmx.com\/nota\/wp-json\/wp\/v2\/tags?post=6462"}],"curies":[{"name":"wp","href":"https:\/\/api.w.org\/{rel}","templated":true}]}}