{"id":6459,"date":"2014-04-04T13:30:01","date_gmt":"2014-04-04T19:30:01","guid":{"rendered":"https:\/\/radiowebmx.com\/nota\/?p=6459"},"modified":"2014-04-04T13:30:01","modified_gmt":"2014-04-04T19:30:01","slug":"jorge-moreno-martinez-hace-un-llamado-a-crear-politicas-sociales-que-ayuden-a-disminuir-desempleo-en-michoacan","status":"publish","type":"post","link":"https:\/\/radiowebmx.com\/nota\/jorge-moreno-martinez-hace-un-llamado-a-crear-politicas-sociales-que-ayuden-a-disminuir-desempleo-en-michoacan\/","title":{"rendered":"Jorge Moreno Mart\u00ednez hace un llamado a crear pol\u00edticas sociales que ayuden a disminuir desempleo en Michoac\u00e1n"},"content":{"rendered":"<p><a href=\"https:\/\/radiowebmx.com\/nota\/wp-content\/uploads\/2013\/02\/Dip.-Jorge-Moreno-Mtz.-1.jpg\"><img loading=\"lazy\" decoding=\"async\" class=\"alignleft size-full wp-image-1369\" alt=\"Dip. Jorge Moreno Mtz. (1)\" src=\"https:\/\/radiowebmx.com\/nota\/wp-content\/uploads\/2013\/02\/Dip.-Jorge-Moreno-Mtz.-1.jpg\" width=\"591\" height=\"549\" \/><\/a>El diputado Jorge Moreno Mart\u00ednez integrante del Grupo Parlamentario del Partido Acci\u00f3n Nacional en el Congreso del Estado, se manifest\u00f3 preocupado por la falta de empleo por la que est\u00e1 atravesando el pa\u00eds, por lo que hizo un llamado al Gobierno Federal, as\u00ed como al Estatal, a impulsar mejores pol\u00edticas sociales que ayuden a erradicar tal condici\u00f3n y con ello dar movilidad a la econom\u00eda de M\u00e9xico y Michoac\u00e1n.<\/p>\n<p>&nbsp;<\/p>\n<p>Lo anterior, luego que en entrevista se le cuestionara sobre las recientes declaraciones del Subsecretario del Trabajo, Rafael Avante Ju\u00e1rez, quien diera a conocer que 7 de cada 10 trabajadores en el Estado labora de forma informal, lo que a decir del parlamentario, \u201ces una situaci\u00f3n preocupante, ya que estamos hablando de una gran parte de la sociedad trabajadora que est\u00e1 desempe\u00f1ando sus labores sin contar con las prestaciones de ley, como la seguridad social y cr\u00e9ditos que puedan contribuir en mejorar la vida y estabilidad de sus familias\u201d, expres\u00f3.<\/p>\n<p>&nbsp;<\/p>\n<p>El integrante de la Comisi\u00f3n de Desarrollo Social dijo que parte de que Michoac\u00e1n cuente con tal n\u00famero de trabajadores dentro de la informalidad, se debe a la escasez de oportunidades en el mercado laboral, \u201cen el caso particular de la entidad, tenemos el caso de los m\u00e1s de 150 establecimientos, que el a\u00f1o pasado se vieron afectados por la crisis econ\u00f3mica y las manifestaciones realizadas en el primer cuadro de la ciudad de Morelia, por lo que se vieron en la necesidad de cerrar, dejando a m\u00e1s de 500 ciudadanos desempleados\u201d, ejemplific\u00f3.<\/p>\n<p>&nbsp;<\/p>\n<p>\u201cSi tomamos como referencia este hecho que afect\u00f3 a una peque\u00f1a zona del Estado, pero que sin duda repercuti\u00f3 en un gran n\u00famero de familias michoacanas, no nos debe sorprender que en el cuarto trimestre de los \u00faltimos dos a\u00f1os el porcentaje de poblaci\u00f3n ocupada haya reducido de 8.9 a 8.2 a nivel nacional, lo que lleva a que los mexicanos tengan la necesidad de recurrir al empleo informal\u201d, puntualiz\u00f3.<\/p>\n<p>&nbsp;<\/p>\n<p>Moreno Mart\u00ednez, remat\u00f3 haciendo un llamado a las autoridades correspondientes \u201ca crear una estrategia para reducir los altos niveles de desempleo que orillan a los michoacanos a embarcarse a las filas del empleo informal, dejando tanto al trabajador como a su familia en desabrigo de un seguro m\u00e9dico y prestaciones que les permita contar con una mejor calidad de vida\u201d, finaliz\u00f3.<\/p>\n","protected":false},"excerpt":{"rendered":"<p>El diputado Jorge Moreno Mart\u00ednez integrante del Grupo Parlamentario del Partido Acci\u00f3n Nacional en el Congreso del Estado, se manifest\u00f3 preocupado por la falta de empleo por la que est\u00e1 atravesando el pa\u00eds, por lo que hizo un llamado al Gobierno Federal,<\/p>\n","protected":false},"author":1,"featured_media":0,"comment_status":"open","ping_status":"open","sticky":false,"template":"","format":"standard","meta":{"footnotes":""},"categories":[6,14,8],"tags":[],"class_list":["post-6459","post","type-post","status-publish","format-standard","hentry","category-congreso-del-estado","category-destacadas","category-grupo-parlamentario-del-pan"],"_links":{"self":[{"href":"https:\/\/radiowebmx.com\/nota\/wp-json\/wp\/v2\/posts\/6459","targetHints":{"allow":["GET"]}}],"collection":[{"href":"https:\/\/radiowebmx.com\/nota\/wp-json\/wp\/v2\/posts"}],"about":[{"href":"https:\/\/radiowebmx.com\/nota\/wp-json\/wp\/v2\/types\/post"}],"author":[{"embeddable":true,"href":"https:\/\/radiowebmx.com\/nota\/wp-json\/wp\/v2\/users\/1"}],"replies":[{"embeddable":true,"href":"https:\/\/radiowebmx.com\/nota\/wp-json\/wp\/v2\/comments?post=6459"}],"version-history":[{"count":2,"href":"https:\/\/radiowebmx.com\/nota\/wp-json\/wp\/v2\/posts\/6459\/revisions"}],"predecessor-version":[{"id":6461,"href":"https:\/\/radiowebmx.com\/nota\/wp-json\/wp\/v2\/posts\/6459\/revisions\/6461"}],"wp:attachment":[{"href":"https:\/\/radiowebmx.com\/nota\/wp-json\/wp\/v2\/media?parent=6459"}],"wp:term":[{"taxonomy":"category","embeddable":true,"href":"https:\/\/radiowebmx.com\/nota\/wp-json\/wp\/v2\/categories?post=6459"},{"taxonomy":"post_tag","embeddable":true,"href":"https:\/\/radiowebmx.com\/nota\/wp-json\/wp\/v2\/tags?post=6459"}],"curies":[{"name":"wp","href":"https:\/\/api.w.org\/{rel}","templated":true}]}}