{"id":6455,"date":"2014-04-04T13:26:59","date_gmt":"2014-04-04T19:26:59","guid":{"rendered":"https:\/\/radiowebmx.com\/nota\/?p=6455"},"modified":"2014-04-04T13:26:59","modified_gmt":"2014-04-04T19:26:59","slug":"se-prepara-tingambato-para-celebrar-la-feria-del-geranio","status":"publish","type":"post","link":"https:\/\/radiowebmx.com\/nota\/se-prepara-tingambato-para-celebrar-la-feria-del-geranio\/","title":{"rendered":"SE PREPARA TINGAMBATO PARA CELEBRAR LA FERIA DEL GERANIO"},"content":{"rendered":"<p><a href=\"https:\/\/radiowebmx.com\/nota\/wp-content\/uploads\/2014\/04\/DSC_1056___3.jpg\"><img loading=\"lazy\" decoding=\"async\" class=\"alignleft size-full wp-image-6456\" alt=\"DSC_1056___3\" src=\"https:\/\/radiowebmx.com\/nota\/wp-content\/uploads\/2014\/04\/DSC_1056___3.jpg\" width=\"591\" height=\"358\" \/><\/a>Del 11 al 14 de abril el municipio de Tingambato realizar\u00e1 la edici\u00f3n XXV de la Expo Feria del Geranio, en donde se espera una derrama econ\u00f3mica de 3.5 millones de pesos y la asistencia de 50 mil personas, as\u00ed lo dieron a conocer en rueda de prensa Zeus Rodr\u00edguez Miranda, encargado de la Direcci\u00f3n de la Comisi\u00f3n de Ferias, Exposiciones y Eventos del Estado de Michoac\u00e1n (COFEEEM), y el alcalde de esa demarcaci\u00f3n, Jos\u00e9 Guadalupe Aguilera Rojas.<\/p>\n<p>&nbsp;<\/p>\n<p>El presidente municipal de Tingambato invit\u00f3 a la poblaci\u00f3n a visitar esta Feria, la cual se \u00a0realiza con el objetivo de exaltar las tradiciones de floricultura ornamental.<\/p>\n<p>&nbsp;<\/p>\n<p>Se contar\u00e1 con stands tradicionales, debidamente organizados por \u00e1reas, en donde sobresaldr\u00e1 el \u00e1rea dedicada al geranio, sin restarle presencia a la gastronom\u00eda y artesan\u00eda. Asimismo, el \u00e1mbito cultural se contar\u00e1 con el Ballet Folkl\u00f3rico de M\u00e9xico de Amalia Hern\u00e1ndez, as\u00ed como una ddemostraci\u00f3n de los Voladores de Papantla.<\/p>\n<p>&nbsp;<\/p>\n<p>El geranio es una planta originaria Tingambato, por lo que estar\u00e1 prohibida la venta de ese tipo de plantas que provengan de otra regi\u00f3n. El cultivo de geranio consta de entre 7 y 9 meses, y est\u00e1 bajo el cuidado y supervisi\u00f3n de la familia. Es una\u00a0 actividad que se realiza como un quehacer cotidiano, como parte de su vida misma; y con ello se da un desarrollo social y econ\u00f3mico familiar.<\/p>\n<p>&nbsp;<\/p>\n<p>Aguilera Rojas, agradeci\u00f3 el apoyo brindado por el Gobierno del Estado a trav\u00e9s de la Comisi\u00f3n de Ferias, Exposiciones y Eventos del Estado de Michoac\u00e1n, al tiempo que invit\u00f3 a los ciudadanos a que visiten esta tierra llena de tradiciones y cultura.<\/p>\n<p>&nbsp;<\/p>\n<p>A la par de la exposici\u00f3n y venta de geranios, los visitantes podr\u00e1n disfrutar de la variada y rica gastronom\u00eda de Tingambato, municipio de la regi\u00f3n Pur\u00e9pecha, famoso adem\u00e1s por sus asentamientos prehisp\u00e1nicos.<\/p>\n<p>&nbsp;<\/p>\n<p>&nbsp;<\/p>\n","protected":false},"excerpt":{"rendered":"<p>Del 11 al 14 de abril el municipio de Tingambato realizar\u00e1 la edici\u00f3n XXV de la Expo Feria del Geranio, en donde se espera una derrama econ\u00f3mica de 3.5 millones de pesos y la asistencia de 50 mil personas, <\/p>\n","protected":false},"author":1,"featured_media":0,"comment_status":"open","ping_status":"open","sticky":false,"template":"","format":"standard","meta":{"footnotes":""},"categories":[14,3],"tags":[],"class_list":["post-6455","post","type-post","status-publish","format-standard","hentry","category-destacadas","category-gobierno-del-estado-de-michoacan"],"_links":{"self":[{"href":"https:\/\/radiowebmx.com\/nota\/wp-json\/wp\/v2\/posts\/6455","targetHints":{"allow":["GET"]}}],"collection":[{"href":"https:\/\/radiowebmx.com\/nota\/wp-json\/wp\/v2\/posts"}],"about":[{"href":"https:\/\/radiowebmx.com\/nota\/wp-json\/wp\/v2\/types\/post"}],"author":[{"embeddable":true,"href":"https:\/\/radiowebmx.com\/nota\/wp-json\/wp\/v2\/users\/1"}],"replies":[{"embeddable":true,"href":"https:\/\/radiowebmx.com\/nota\/wp-json\/wp\/v2\/comments?post=6455"}],"version-history":[{"count":2,"href":"https:\/\/radiowebmx.com\/nota\/wp-json\/wp\/v2\/posts\/6455\/revisions"}],"predecessor-version":[{"id":6458,"href":"https:\/\/radiowebmx.com\/nota\/wp-json\/wp\/v2\/posts\/6455\/revisions\/6458"}],"wp:attachment":[{"href":"https:\/\/radiowebmx.com\/nota\/wp-json\/wp\/v2\/media?parent=6455"}],"wp:term":[{"taxonomy":"category","embeddable":true,"href":"https:\/\/radiowebmx.com\/nota\/wp-json\/wp\/v2\/categories?post=6455"},{"taxonomy":"post_tag","embeddable":true,"href":"https:\/\/radiowebmx.com\/nota\/wp-json\/wp\/v2\/tags?post=6455"}],"curies":[{"name":"wp","href":"https:\/\/api.w.org\/{rel}","templated":true}]}}