{"id":64419,"date":"2019-05-20T15:47:52","date_gmt":"2019-05-20T20:47:52","guid":{"rendered":"https:\/\/radiowebmx.com\/nota\/?p=64419"},"modified":"2019-05-20T15:47:52","modified_gmt":"2019-05-20T20:47:52","slug":"a-trabajar-juntos-por-un-entorno-mas-sano-y-sustentable-convocan-diputados-gpprd","status":"publish","type":"post","link":"https:\/\/radiowebmx.com\/nota\/a-trabajar-juntos-por-un-entorno-mas-sano-y-sustentable-convocan-diputados-gpprd\/","title":{"rendered":"A trabajar juntos por un entorno m\u00e1s sano y sustentable convocan diputados GPPRD"},"content":{"rendered":"<p>En Michoac\u00e1n es urgente que todos los niveles de gobierno y ciudadanos redoblemos esfuerzos para recuperar la calidad del aire y para proteger los recursos naturales y forestales, se\u00f1alaron los diputados integrantes del Grupo Parlamentario del Partido de la Revoluci\u00f3n Democr\u00e1tica (PRD), en la LXXIV Legislatura Local en el Congreso del Estado.<\/p>\n<p>En lo que va del presente a\u00f1o, los incendios forestales han afectado 242 mil 485 hect\u00e1reas en el territorio nacional y en la \u00faltima semana, ocho incendios se registraron al interior de \u00c1reas Naturales Protegidas en Durango, Michoac\u00e1n, Zacatecas y Yucat\u00e1n, ante lo que es necesario no bajar la guardia en la protecci\u00f3n de los recursos.<\/p>\n<p>Michoac\u00e1n se ubica como la segunda entidad con mayor n\u00famero de eventos, ante lo que los diputados Araceli Saucedo Reyes, Antonio Soto S\u00e1nchez, Octavio Ocampo C\u00f3rdova y Norberto Antonio Mart\u00ednez Soto, hicieron un llamado a la poblaci\u00f3n a proteger nuestros recursos naturales y forestales y destacaron la importancia de que la sociedad se sume al cuidado de los bosques denunciando a quienes atentan en su contra, prendi\u00e9ndoles fuego.<\/p>\n<p>\u201cTodos podemos contribuir a evitar incendios no arrojando cerillos encendidos o restos de cigarros en las carreteras, en el bosque o matorrales, as\u00ed como no tirar basura ya que las botellas de vidrio pueden generar el efecto lupa y propiciar un incendio\u201d.<\/p>\n<p>Reconocieron que en esta temporada y ante el incremento en los incendios forestales, la calidad del aire se ha visto sensiblemente afectada por lo que es necesario intensificar las medidas para atender una situaci\u00f3n que es ya un problema serio en la entidad.<\/p>\n<p>Hace unos d\u00edas el Sistema Nacional de Informaci\u00f3n de la Calidad del Aire, ha reportado a Michoac\u00e1n entre las once entidades del pa\u00eds con mayor afectaci\u00f3n en su calidad del aire, por lo que es necesario que todos aporten en su protecci\u00f3n, desde moderar el uso del autom\u00f3vil, y verificando los veh\u00edculos, para evitar que \u00e9stos ahonden el deterioro en la calidad de nuestro aire.<\/p>\n<p>La verificaci\u00f3n es una medida general que atiende al derecho a la salud y el bienestar de todos y cada uno de las y los michoacanos, acci\u00f3n que contribuye a mejorar nuestro entorno, preservando el medio ambiente y sancionando a quienes contaminan el aire o destruyen nuestros recursos naturales.<\/p>\n","protected":false},"excerpt":{"rendered":"<p>En Michoac\u00e1n es urgente que todos los niveles de gobierno y ciudadanos redoblemos esfuerzos para recuperar la calidad del aire y para proteger los recursos naturales y forestales, se\u00f1alaron los diputados integrantes del Grupo Parlamentario del Partido de la Revoluci\u00f3n Democr\u00e1tica (PRD), en la LXXIV Legislatura Local en el Congreso del Estado. En lo que [&hellip;]<\/p>\n","protected":false},"author":2,"featured_media":64420,"comment_status":"closed","ping_status":"closed","sticky":false,"template":"","format":"standard","meta":{"footnotes":""},"categories":[11],"tags":[],"class_list":["post-64419","post","type-post","status-publish","format-standard","has-post-thumbnail","hentry","category-partidos-politicos"],"_links":{"self":[{"href":"https:\/\/radiowebmx.com\/nota\/wp-json\/wp\/v2\/posts\/64419","targetHints":{"allow":["GET"]}}],"collection":[{"href":"https:\/\/radiowebmx.com\/nota\/wp-json\/wp\/v2\/posts"}],"about":[{"href":"https:\/\/radiowebmx.com\/nota\/wp-json\/wp\/v2\/types\/post"}],"author":[{"embeddable":true,"href":"https:\/\/radiowebmx.com\/nota\/wp-json\/wp\/v2\/users\/2"}],"replies":[{"embeddable":true,"href":"https:\/\/radiowebmx.com\/nota\/wp-json\/wp\/v2\/comments?post=64419"}],"version-history":[{"count":1,"href":"https:\/\/radiowebmx.com\/nota\/wp-json\/wp\/v2\/posts\/64419\/revisions"}],"predecessor-version":[{"id":64421,"href":"https:\/\/radiowebmx.com\/nota\/wp-json\/wp\/v2\/posts\/64419\/revisions\/64421"}],"wp:featuredmedia":[{"embeddable":true,"href":"https:\/\/radiowebmx.com\/nota\/wp-json\/wp\/v2\/media\/64420"}],"wp:attachment":[{"href":"https:\/\/radiowebmx.com\/nota\/wp-json\/wp\/v2\/media?parent=64419"}],"wp:term":[{"taxonomy":"category","embeddable":true,"href":"https:\/\/radiowebmx.com\/nota\/wp-json\/wp\/v2\/categories?post=64419"},{"taxonomy":"post_tag","embeddable":true,"href":"https:\/\/radiowebmx.com\/nota\/wp-json\/wp\/v2\/tags?post=64419"}],"curies":[{"name":"wp","href":"https:\/\/api.w.org\/{rel}","templated":true}]}}