{"id":64416,"date":"2019-05-20T15:46:43","date_gmt":"2019-05-20T20:46:43","guid":{"rendered":"https:\/\/radiowebmx.com\/nota\/?p=64416"},"modified":"2019-05-20T15:46:43","modified_gmt":"2019-05-20T20:46:43","slug":"arranca-prd-en-michoacan-campana-de-afiliacion-y-refrendo","status":"publish","type":"post","link":"https:\/\/radiowebmx.com\/nota\/arranca-prd-en-michoacan-campana-de-afiliacion-y-refrendo\/","title":{"rendered":"ARRANCA PRD EN MICHOAC\u00c1N CAMPA\u00d1A DE AFILIACI\u00d3N Y REFRENDO"},"content":{"rendered":"<div class=\"x_gmail_quote\">\n<div dir=\"ltr\">\n<div class=\"x_gmail_quote\">\n<div dir=\"ltr\">\n<p class=\"x_m_1825206524092637861m_4333611621862775594gmail-MsoNoSpacing\">Con la presencia de Militantes fundadores, liderazgos perredistas, j\u00f3venes y mujeres, el PRD arranc\u00f3 campa\u00f1a de afiliaci\u00f3n en Michoac\u00e1n.<\/p>\n<p class=\"x_m_1825206524092637861m_4333611621862775594gmail-MsoNoSpacing\">\n<p class=\"x_m_1825206524092637861m_4333611621862775594gmail-MsoNoSpacing\">\n<p class=\"x_m_1825206524092637861m_4333611621862775594gmail-MsoNoSpacing\">Estephany Santiago Fern\u00e1ndez dirigente nacional del PRD, detall\u00f3 que este instituto pol\u00edtico firm\u00f3 convenio con INE para dar certeza a este proceso de afiliaci\u00f3n y refrendo y el PRD estar a la vanguardia.<\/p>\n<p class=\"x_m_1825206524092637861m_4333611621862775594gmail-MsoNoSpacing\">\n<p class=\"x_m_1825206524092637861m_4333611621862775594gmail-MsoNoSpacing\">\n<p class=\"x_m_1825206524092637861m_4333611621862775594gmail-MsoNoSpacing\">La afiliaci\u00f3n durar\u00e1 un a\u00f1o, manifest\u00f3 la dirigente nacional, as\u00ed lo establece el convenio, pero el 25 de agosto ser\u00e1 el primer corte para contar con listado nominal que establece la Ley para seguir con la ruta de renovaci\u00f3n al interior del partido.<\/p>\n<p class=\"x_m_1825206524092637861m_4333611621862775594gmail-MsoNoSpacing\">\n<p class=\"x_m_1825206524092637861m_4333611621862775594gmail-MsoNoSpacing\">\n<p class=\"x_m_1825206524092637861m_4333611621862775594gmail-MsoNoSpacing\">&#8220;El PRD en Michoac\u00e1n ser\u00e1 la punta de lanza de este proceso y enviaremos un mensaje que en este estado, \u00fanico gobierno perredista, somos una fuerza real, conf\u00edo en que daremos los mejores resultados y trabajaremos en conjunto para sacar adelante a M\u00e9xico&#8221;, recalc\u00f3.<\/p>\n<p class=\"x_m_1825206524092637861m_4333611621862775594gmail-MsoNoSpacing\">\n<p class=\"x_m_1825206524092637861m_4333611621862775594gmail-MsoNoSpacing\">\n<p class=\"x_m_1825206524092637861m_4333611621862775594gmail-MsoNoSpacing\">En su oportunidad, Antonio Garc\u00eda Conejo, Senador de la Rep\u00fablica destac\u00f3 el trabajo que las y los perredistas han emprendido a lo largo de estos 30 a\u00f1os, &#8220;mientras existan necesidades y desigualdad hay raz\u00f3n suficiente para que el PRD siga vigente&#8221;.<\/p>\n<p class=\"x_m_1825206524092637861m_4333611621862775594gmail-MsoNoSpacing\">\n<p class=\"x_m_1825206524092637861m_4333611621862775594gmail-MsoNoSpacing\">\n<p class=\"x_m_1825206524092637861m_4333611621862775594gmail-MsoNoSpacing\">\u00a0Queremos que en esta afiliaci\u00f3n, dijo el senador del PRD,\u00a0 haya militantes de carne y hueso &#8220;mujeres y hombres convencidos que quieren luchar por este pa\u00eds&#8221;.<\/p>\n<p class=\"x_m_1825206524092637861m_4333611621862775594gmail-MsoNoSpacing\">\n<p class=\"x_m_1825206524092637861m_4333611621862775594gmail-MsoNoSpacing\">\n<p class=\"x_m_1825206524092637861m_4333611621862775594gmail-MsoNoSpacing\">En conferencia de prensa en la Plaza Melchor, Ocampo, en Morelia, Michoac\u00e1n, Antonio Soto S\u00e1nchez, presidente del PRD Michoac\u00e1n, expres\u00f3 que hoy arranca de cero el padr\u00f3n en la entidad &#8220;requerimos una estructura bien afianzada, con militantes con voluntad propia y libertad, sin corporativismo, cada mexicana y mexicano decidir\u00e1n pertenecer al PRD&#8221;<\/p>\n<p class=\"x_m_1825206524092637861m_4333611621862775594gmail-MsoNoSpacing\">\n<p class=\"x_m_1825206524092637861m_4333611621862775594gmail-MsoNoSpacing\">\n<p class=\"x_m_1825206524092637861m_4333611621862775594gmail-MsoNoSpacing\">Finalmente, Soto S\u00e1nchez enfatiz\u00f3 que desde Michoac\u00e1n donde nace el PRD se seguir\u00e1 luchando por un M\u00e9xico mejor &#8220;porque a\u00fan hay mucha desigualdad pero tambi\u00e9n muchas banderas que nos dan la raz\u00f3n de existir y el PRD tiene que estar m\u00e1s vivo que nunca&#8221;.<\/p>\n<\/div>\n<\/div>\n<\/div>\n<\/div>\n","protected":false},"excerpt":{"rendered":"<p>Con la presencia de Militantes fundadores, liderazgos perredistas, j\u00f3venes y mujeres, el PRD arranc\u00f3 campa\u00f1a de afiliaci\u00f3n en Michoac\u00e1n. Estephany Santiago Fern\u00e1ndez dirigente nacional del PRD, detall\u00f3 que este instituto pol\u00edtico firm\u00f3 convenio con INE para dar certeza a este proceso de afiliaci\u00f3n y refrendo y el PRD estar a la vanguardia. La afiliaci\u00f3n durar\u00e1 [&hellip;]<\/p>\n","protected":false},"author":2,"featured_media":64417,"comment_status":"closed","ping_status":"closed","sticky":false,"template":"","format":"standard","meta":{"footnotes":""},"categories":[11],"tags":[],"class_list":["post-64416","post","type-post","status-publish","format-standard","has-post-thumbnail","hentry","category-partidos-politicos"],"_links":{"self":[{"href":"https:\/\/radiowebmx.com\/nota\/wp-json\/wp\/v2\/posts\/64416","targetHints":{"allow":["GET"]}}],"collection":[{"href":"https:\/\/radiowebmx.com\/nota\/wp-json\/wp\/v2\/posts"}],"about":[{"href":"https:\/\/radiowebmx.com\/nota\/wp-json\/wp\/v2\/types\/post"}],"author":[{"embeddable":true,"href":"https:\/\/radiowebmx.com\/nota\/wp-json\/wp\/v2\/users\/2"}],"replies":[{"embeddable":true,"href":"https:\/\/radiowebmx.com\/nota\/wp-json\/wp\/v2\/comments?post=64416"}],"version-history":[{"count":1,"href":"https:\/\/radiowebmx.com\/nota\/wp-json\/wp\/v2\/posts\/64416\/revisions"}],"predecessor-version":[{"id":64418,"href":"https:\/\/radiowebmx.com\/nota\/wp-json\/wp\/v2\/posts\/64416\/revisions\/64418"}],"wp:featuredmedia":[{"embeddable":true,"href":"https:\/\/radiowebmx.com\/nota\/wp-json\/wp\/v2\/media\/64417"}],"wp:attachment":[{"href":"https:\/\/radiowebmx.com\/nota\/wp-json\/wp\/v2\/media?parent=64416"}],"wp:term":[{"taxonomy":"category","embeddable":true,"href":"https:\/\/radiowebmx.com\/nota\/wp-json\/wp\/v2\/categories?post=64416"},{"taxonomy":"post_tag","embeddable":true,"href":"https:\/\/radiowebmx.com\/nota\/wp-json\/wp\/v2\/tags?post=64416"}],"curies":[{"name":"wp","href":"https:\/\/api.w.org\/{rel}","templated":true}]}}