{"id":64410,"date":"2019-05-20T15:43:01","date_gmt":"2019-05-20T20:43:01","guid":{"rendered":"https:\/\/radiowebmx.com\/nota\/?p=64410"},"modified":"2019-05-20T15:43:01","modified_gmt":"2019-05-20T20:43:01","slug":"imparte-onmpri-taller-de-debate-politico-a-mujeres","status":"publish","type":"post","link":"https:\/\/radiowebmx.com\/nota\/imparte-onmpri-taller-de-debate-politico-a-mujeres\/","title":{"rendered":"IMPARTE ONMPRI TALLER DE  DEBATE POL\u00cdTICO A MUJERES"},"content":{"rendered":"<p>Con el objetivo de ser competitivas en la pol\u00edtica actual y tener a los mejores contendientes, el ONMPRI Michoac\u00e1n que dirige, Roc\u00edo Pineda Gochi imparti\u00f3 el taller de Manejo de Debate Pol\u00edtico a mujeres de la entidad.<\/p>\n<p>&nbsp;<\/p>\n<p>Guadalupe Santacruz Esquivel, secretaria de Comunicaci\u00f3n Institucional y representante de V\u00edctor Silva Tejeda, presidente del CDE, resalt\u00f3 la importancia de que las mujeres se preparen y capaciten &#8220;ahora que se nos abre el 50% de espacios en la administraci\u00f3n p\u00fablica&#8221;.<\/p>\n<p>&nbsp;<\/p>\n<p>Resalt\u00f3 que &#8220;tenemos un gran aliado en el tema como lo es el l\u00edder del tricolor en la entidad, V\u00edctor Silva&#8221; en lo que coincidi\u00f3 con Pineda Gochi y quien agradeci\u00f3 el apoyo que ha brindado la dirigencia estatal para la capacitaci\u00f3n de las mujeres y el impulso,\u00a0 atendiendo as\u00ed la paridad de g\u00e9nero.<\/p>\n<p>&nbsp;<\/p>\n<p>En este contexto Estela Fraginalis, directora de Capacitaci\u00f3n del ONMPRI a nivel nacional y representante de Hilda Flores\u00a0 Escalera, l\u00edder del organismo, aplaudi\u00f3 la iniciativa de las mujeres michoacanas de seguir prepar\u00e1ndose en temas de la pol\u00edtica, lo que les permitir\u00e1 estar m\u00e1s y mejor preparadas para los retos actuales en la materia.<\/p>\n<p>&nbsp;<\/p>\n<p>&#8220;Porque ahora m\u00e1s que estar festejando debemos estar prepar\u00e1ndonos para los nuevos retos&#8221;.<\/p>\n<p>&nbsp;<\/p>\n<p>Armando Qui\u00f1ones, experto en lenguaje no verbal y programaci\u00f3n neuroling\u00fc\u00edstica fue el encargado de impartir dicho taller.<\/p>\n","protected":false},"excerpt":{"rendered":"<p>Con el objetivo de ser competitivas en la pol\u00edtica actual y tener a los mejores contendientes, el ONMPRI Michoac\u00e1n que dirige, Roc\u00edo Pineda Gochi imparti\u00f3 el taller de Manejo de Debate Pol\u00edtico a mujeres de la entidad. &nbsp; Guadalupe Santacruz Esquivel, secretaria de Comunicaci\u00f3n Institucional y representante de V\u00edctor Silva Tejeda, presidente del CDE, resalt\u00f3 [&hellip;]<\/p>\n","protected":false},"author":2,"featured_media":64411,"comment_status":"closed","ping_status":"closed","sticky":false,"template":"","format":"standard","meta":{"footnotes":""},"categories":[11],"tags":[],"class_list":["post-64410","post","type-post","status-publish","format-standard","has-post-thumbnail","hentry","category-partidos-politicos"],"_links":{"self":[{"href":"https:\/\/radiowebmx.com\/nota\/wp-json\/wp\/v2\/posts\/64410","targetHints":{"allow":["GET"]}}],"collection":[{"href":"https:\/\/radiowebmx.com\/nota\/wp-json\/wp\/v2\/posts"}],"about":[{"href":"https:\/\/radiowebmx.com\/nota\/wp-json\/wp\/v2\/types\/post"}],"author":[{"embeddable":true,"href":"https:\/\/radiowebmx.com\/nota\/wp-json\/wp\/v2\/users\/2"}],"replies":[{"embeddable":true,"href":"https:\/\/radiowebmx.com\/nota\/wp-json\/wp\/v2\/comments?post=64410"}],"version-history":[{"count":1,"href":"https:\/\/radiowebmx.com\/nota\/wp-json\/wp\/v2\/posts\/64410\/revisions"}],"predecessor-version":[{"id":64412,"href":"https:\/\/radiowebmx.com\/nota\/wp-json\/wp\/v2\/posts\/64410\/revisions\/64412"}],"wp:featuredmedia":[{"embeddable":true,"href":"https:\/\/radiowebmx.com\/nota\/wp-json\/wp\/v2\/media\/64411"}],"wp:attachment":[{"href":"https:\/\/radiowebmx.com\/nota\/wp-json\/wp\/v2\/media?parent=64410"}],"wp:term":[{"taxonomy":"category","embeddable":true,"href":"https:\/\/radiowebmx.com\/nota\/wp-json\/wp\/v2\/categories?post=64410"},{"taxonomy":"post_tag","embeddable":true,"href":"https:\/\/radiowebmx.com\/nota\/wp-json\/wp\/v2\/tags?post=64410"}],"curies":[{"name":"wp","href":"https:\/\/api.w.org\/{rel}","templated":true}]}}