{"id":64398,"date":"2019-05-20T15:38:09","date_gmt":"2019-05-20T20:38:09","guid":{"rendered":"https:\/\/radiowebmx.com\/nota\/?p=64398"},"modified":"2019-05-20T15:38:09","modified_gmt":"2019-05-20T20:38:09","slug":"el-compromiso-del-prd-con-las-y-los-jovenes-es-dignificar-su-participacion-politica-e-impulsar-sus-propuestas-estephany-santiago","status":"publish","type":"post","link":"https:\/\/radiowebmx.com\/nota\/el-compromiso-del-prd-con-las-y-los-jovenes-es-dignificar-su-participacion-politica-e-impulsar-sus-propuestas-estephany-santiago\/","title":{"rendered":"EL COMPROMISO DEL PRD CON LAS Y LOS J\u00d3VENES ES DIGNIFICAR SU PARTICIPACI\u00d3N POL\u00cdTICA E IMPULSAR SUS PROPUESTAS: ESTEPHANY SANTIAGO"},"content":{"rendered":"<div class=\"x_gmail_quote\">\n<div dir=\"ltr\">\n<p class=\"x_m_8201922085844023688gmail-MsoNoSpacing\"><span lang=\"ES-MX\">El Partido de la Revoluci\u00f3n Democr\u00e1tica se comprometi\u00f3 con las y los j\u00f3venes michoacanos perredistas a impulsar propuestas en diversos temas para que su visi\u00f3n y aspiraciones a un mejor pa\u00eds se tome en cuenta en los diversos espacios de representaci\u00f3n y que su participaci\u00f3n sea incluyente en la vida pol\u00edtica. <\/span><\/p>\n<p class=\"x_m_8201922085844023688gmail-MsoNoSpacing\"><span lang=\"ES-MX\">\u00a0<\/span><\/p>\n<p class=\"x_m_8201922085844023688gmail-MsoNoSpacing\"><span lang=\"ES-MX\">\u00a0<\/span><\/p>\n<p class=\"x_m_8201922085844023688gmail-MsoNoSpacing\"><span lang=\"ES-MX\">Estephany Santiago Fern\u00e1ndez dirigente nacional del PRD impuls\u00f3 a la juventud perredista a mantenerse s\u00f3lidos y no bajar la guardia en la ruta partidista de los pr\u00f3ximos meses, definir claramente la agenda de j\u00f3venes para generar mayores oportunidades y que las aspiraciones a mediano y largo plazo se cristalicen en pol\u00edticas p\u00fablicas e iniciativas. <\/span><\/p>\n<p class=\"x_m_8201922085844023688gmail-MsoNoSpacing\"><span lang=\"ES-MX\">\u00a0<\/span><\/p>\n<p class=\"x_m_8201922085844023688gmail-MsoNoSpacing\"><span lang=\"ES-MX\">\u00a0<\/span><\/p>\n<p class=\"x_m_8201922085844023688gmail-MsoNoSpacing\"><span lang=\"ES-MX\">La dirigente nacional reiter\u00f3 que el compromiso del PRD es la capacitaci\u00f3n permanente para las y los j\u00f3venes, as\u00ed como dignificar su participaci\u00f3n pol\u00edtica. <\/span><\/p>\n<p class=\"x_m_8201922085844023688gmail-MsoNoSpacing\"><span lang=\"ES-MX\">Adelant\u00f3 que este Conversatorio se replicar\u00e1 en entidades como Hidalgo y Ciudad de M\u00e9xico. <\/span><\/p>\n<p class=\"x_m_8201922085844023688gmail-MsoNoSpacing\"><span lang=\"ES-MX\">\u00a0<\/span><\/p>\n<p class=\"x_m_8201922085844023688gmail-MsoNoSpacing\"><span lang=\"ES-MX\">\u00a0<\/span><\/p>\n<p class=\"x_m_8201922085844023688gmail-MsoNoSpacing\"><span lang=\"ES-MX\">Lo anterior ocurri\u00f3 en el marco del Conversatorio con J\u00f3venes &#8220;Impulsando Ideas y Generando el cambio&#8221; en el que participaron de liderazgos partidistas mujeres y hombres j\u00f3venes debatiendo y expresando diversos puntos de vista en temas como g\u00e9nero, medio ambiente, cultura partidista, educaci\u00f3n, servicio p\u00fablico, entre otros. <\/span><\/p>\n<p class=\"x_m_8201922085844023688gmail-MsoNoSpacing\"><span lang=\"ES-MX\">\u00a0<\/span><\/p>\n<p class=\"x_m_8201922085844023688gmail-MsoNoSpacing\"><span lang=\"ES-MX\">\u00a0<\/span><\/p>\n<p class=\"x_m_8201922085844023688gmail-MsoNoSpacing\"><span lang=\"ES-MX\">En su mensaje Antonio Soto, presidente del PRD Michoac\u00e1n enfatiz\u00f3 que este partido en el estado tiene vocaci\u00f3n de poder en donde participan muchas mujeres y muchos j\u00f3venes &#8220;sin ustedes nuestro instituto pol\u00edtico no podr\u00eda existir, no tendr\u00eda futuro&#8221;. <\/span><\/p>\n<p class=\"x_m_8201922085844023688gmail-MsoNoSpacing\"><span lang=\"ES-MX\">\u00a0<\/span><\/p>\n<p class=\"x_m_8201922085844023688gmail-MsoNoSpacing\"><span lang=\"ES-MX\">\u00a0<\/span><\/p>\n<p class=\"x_m_8201922085844023688gmail-MsoNoSpacing\"><span lang=\"ES-MX\">Pero el PRD, dijo, tiene que reenfocarse y definir que tiene que dar a las mujeres y j\u00f3venes que tienen m\u00e1s simpat\u00eda por una corriente ideol\u00f3gica progresista, &#8220;tenemos que entender que hay un relevo generacional y es lo que tenemos que impulsar en los pr\u00f3ximos tres meses que estaremos afiliando&#8221;.<\/span><\/p>\n<p class=\"x_m_8201922085844023688gmail-MsoNoSpacing\"><span lang=\"ES-MX\">\u00a0<\/span><\/p>\n<p class=\"x_m_8201922085844023688gmail-MsoNoSpacing\"><span lang=\"ES-MX\">\u00a0<\/span><\/p>\n<p class=\"x_m_8201922085844023688gmail-MsoNoSpacing\"><span lang=\"ES-MX\">&#8220;Yo veo al PRD Michoac\u00e1n con mucho futuro y fortaleza eso depende de nosotros, de las y los j\u00f3venes. En 2021 vamos a refrendar ser un gobierno perredista en Michoac\u00e1n y en Baja California estamos siendo competitivos y vamos a ganar&#8221;, resalt\u00f3. <\/span><\/p>\n<p class=\"x_m_8201922085844023688gmail-MsoNoSpacing\"><span lang=\"ES-MX\">\u00a0<\/span><\/p>\n<p class=\"x_m_8201922085844023688gmail-MsoNoSpacing\"><span lang=\"ES-MX\">\u00a0<\/span><\/p>\n<p class=\"x_m_8201922085844023688gmail-MsoNoSpacing\"><span lang=\"ES-MX\">Cada una de las mesas y ponentes coincidieron en que es importante y urgente abrir este partido a un relevo generacional real, que no haya sectarismo de ning\u00fan tipo, retomar banderas que defend\u00edan las y los j\u00f3venes.<\/span><\/p>\n<\/div>\n<\/div>\n<p>&nbsp;<\/p>\n<div class=\"x_gmail_signature\" dir=\"ltr\"><\/div>\n","protected":false},"excerpt":{"rendered":"<p>El Partido de la Revoluci\u00f3n Democr\u00e1tica se comprometi\u00f3 con las y los j\u00f3venes michoacanos perredistas a impulsar propuestas en diversos temas para que su visi\u00f3n y aspiraciones a un mejor pa\u00eds se tome en cuenta en los diversos espacios de representaci\u00f3n y que su participaci\u00f3n sea incluyente en la vida pol\u00edtica. \u00a0 \u00a0 Estephany Santiago [&hellip;]<\/p>\n","protected":false},"author":2,"featured_media":64399,"comment_status":"closed","ping_status":"closed","sticky":false,"template":"","format":"standard","meta":{"footnotes":""},"categories":[11],"tags":[],"class_list":["post-64398","post","type-post","status-publish","format-standard","has-post-thumbnail","hentry","category-partidos-politicos"],"_links":{"self":[{"href":"https:\/\/radiowebmx.com\/nota\/wp-json\/wp\/v2\/posts\/64398","targetHints":{"allow":["GET"]}}],"collection":[{"href":"https:\/\/radiowebmx.com\/nota\/wp-json\/wp\/v2\/posts"}],"about":[{"href":"https:\/\/radiowebmx.com\/nota\/wp-json\/wp\/v2\/types\/post"}],"author":[{"embeddable":true,"href":"https:\/\/radiowebmx.com\/nota\/wp-json\/wp\/v2\/users\/2"}],"replies":[{"embeddable":true,"href":"https:\/\/radiowebmx.com\/nota\/wp-json\/wp\/v2\/comments?post=64398"}],"version-history":[{"count":1,"href":"https:\/\/radiowebmx.com\/nota\/wp-json\/wp\/v2\/posts\/64398\/revisions"}],"predecessor-version":[{"id":64400,"href":"https:\/\/radiowebmx.com\/nota\/wp-json\/wp\/v2\/posts\/64398\/revisions\/64400"}],"wp:featuredmedia":[{"embeddable":true,"href":"https:\/\/radiowebmx.com\/nota\/wp-json\/wp\/v2\/media\/64399"}],"wp:attachment":[{"href":"https:\/\/radiowebmx.com\/nota\/wp-json\/wp\/v2\/media?parent=64398"}],"wp:term":[{"taxonomy":"category","embeddable":true,"href":"https:\/\/radiowebmx.com\/nota\/wp-json\/wp\/v2\/categories?post=64398"},{"taxonomy":"post_tag","embeddable":true,"href":"https:\/\/radiowebmx.com\/nota\/wp-json\/wp\/v2\/tags?post=64398"}],"curies":[{"name":"wp","href":"https:\/\/api.w.org\/{rel}","templated":true}]}}