{"id":6436,"date":"2014-04-03T11:40:48","date_gmt":"2014-04-03T17:40:48","guid":{"rendered":"https:\/\/radiowebmx.com\/nota\/?p=6436"},"modified":"2014-04-03T11:40:48","modified_gmt":"2014-04-03T17:40:48","slug":"la-juventud-apoya-para-conducir-al-estado-secretario-de-educacion","status":"publish","type":"post","link":"https:\/\/radiowebmx.com\/nota\/la-juventud-apoya-para-conducir-al-estado-secretario-de-educacion\/","title":{"rendered":"LA JUVENTUD APOYA PARA CONDUCIR AL ESTADO: SECRETARIO DE EDUCACI\u00d3N"},"content":{"rendered":"<p><a href=\"https:\/\/radiowebmx.com\/nota\/wp-content\/uploads\/2014\/04\/4Q4A6217.jpg\"><img loading=\"lazy\" decoding=\"async\" class=\"alignleft size-full wp-image-6437\" alt=\"4Q4A6217\" src=\"https:\/\/radiowebmx.com\/nota\/wp-content\/uploads\/2014\/04\/4Q4A6217.jpg\" width=\"591\" height=\"308\" \/><\/a>El secretario de Educaci\u00f3n, J. Jes\u00fas Sierra Arias, inaugur\u00f3, a nombre del gobernador Fausto Vallejo Figueroa, el 4\u00ba Encuentro Interuniversitario 2014 \u201cDe la Acci\u00f3n al Cambio, Rompiendo Paradigmas\u201d, donde enfatiz\u00f3 que el gobierno asume con plenitud la responsabilidad de conducir el Estado; para lograrlo se requiere el apoyo de la ciudadan\u00eda y de los j\u00f3venes porque no puede haber sociedad sin juventud.<\/p>\n<p>En el Auditorio \u201cHeber Soto Fierro\u201d del Instituto Tecnol\u00f3gico de Morelia, el titular de la pol\u00edtica educativa record\u00f3 que no puede haber gobierno sin j\u00f3venes, y el jefe del Ejecutivo Estatal, Fausto Vallejo, se responsabiliza en dirigir el rumbo de Michoac\u00e1n; lo hace con la ayuda de los diputados y presidentes municipales, pero lo que m\u00e1s se requiere es el apoyo de la sociedad.<\/p>\n<p>\u201cNo puede haber una sociedad sin juventud; los j\u00f3venes son quienes trazar\u00e1n el rumbo de la sociedad, por ello es el momento de que juntos definamos los caminos que marcar\u00e1n el rumbo del pa\u00eds\u201d, asegur\u00f3 el secretario.<\/p>\n<p>Por su parte, el coordinador Sectorial de Planeaci\u00f3n y Desarrollo del Sistema de la Direcci\u00f3n General Tecnol\u00f3gica de la SEP, Jos\u00e9 Francisco Lara Medina, enfatiz\u00f3 que este encuentro genera propuestas innovadoras para Michoac\u00e1n;\u00a0 adem\u00e1s, dijo que el gobierno federal tiene un compromiso especial con la entidad,\u00a0 por ello est\u00e1n dispuestos a brindar los apoyos necesarios para contribuir al \u00e9xito y para que se logre el objetivo del encuentro, que es generar espacios de reflexi\u00f3n sobre la inseguridad social y la incertidumbre laboral.<\/p>\n<p>En su momento, el presidente del Consejo de Instituciones de Educaci\u00f3n Superior (CIES) Juvenil, Gonzalo Emilio Gami\u00f1o Chavarrieta, dio la bienvenida a los participantes en este evento y los invit\u00f3 a continuar prepar\u00e1ndose para transformar el futuro. Asimismo, reiter\u00f3 su compromiso con la juventud para lograr las metas planteadas.<\/p>\n<p>Es importante mencionar que durante la inauguraci\u00f3n se cont\u00f3 con la asistencia de los rectores de las diferentes instituciones de educaci\u00f3n superior, entre ellas universidades y tecnol\u00f3gicos del Estado.<\/p>\n<p>Al t\u00e9rmino de la ceremonia de apertura se present\u00f3 la Conferencia Magistral dictada por el empresario y conferencista internacional, Ejemplo de vida, Gabriel N\u00e1jera Mac\u00edas.<\/p>\n<p><strong>\u00a0<\/strong><\/p>\n","protected":false},"excerpt":{"rendered":"<p>El secretario de Educaci\u00f3n, J. Jes\u00fas Sierra Arias, inaugur\u00f3, a nombre del gobernador Fausto Vallejo Figueroa, el 4\u00ba Encuentro Interuniversitario 2014 \u201cDe la Acci\u00f3n al Cambio, Rompiendo Paradigmas\u201d<\/p>\n","protected":false},"author":1,"featured_media":0,"comment_status":"open","ping_status":"open","sticky":false,"template":"","format":"standard","meta":{"footnotes":""},"categories":[14,3],"tags":[],"class_list":["post-6436","post","type-post","status-publish","format-standard","hentry","category-destacadas","category-gobierno-del-estado-de-michoacan"],"_links":{"self":[{"href":"https:\/\/radiowebmx.com\/nota\/wp-json\/wp\/v2\/posts\/6436","targetHints":{"allow":["GET"]}}],"collection":[{"href":"https:\/\/radiowebmx.com\/nota\/wp-json\/wp\/v2\/posts"}],"about":[{"href":"https:\/\/radiowebmx.com\/nota\/wp-json\/wp\/v2\/types\/post"}],"author":[{"embeddable":true,"href":"https:\/\/radiowebmx.com\/nota\/wp-json\/wp\/v2\/users\/1"}],"replies":[{"embeddable":true,"href":"https:\/\/radiowebmx.com\/nota\/wp-json\/wp\/v2\/comments?post=6436"}],"version-history":[{"count":2,"href":"https:\/\/radiowebmx.com\/nota\/wp-json\/wp\/v2\/posts\/6436\/revisions"}],"predecessor-version":[{"id":6439,"href":"https:\/\/radiowebmx.com\/nota\/wp-json\/wp\/v2\/posts\/6436\/revisions\/6439"}],"wp:attachment":[{"href":"https:\/\/radiowebmx.com\/nota\/wp-json\/wp\/v2\/media?parent=6436"}],"wp:term":[{"taxonomy":"category","embeddable":true,"href":"https:\/\/radiowebmx.com\/nota\/wp-json\/wp\/v2\/categories?post=6436"},{"taxonomy":"post_tag","embeddable":true,"href":"https:\/\/radiowebmx.com\/nota\/wp-json\/wp\/v2\/tags?post=6436"}],"curies":[{"name":"wp","href":"https:\/\/api.w.org\/{rel}","templated":true}]}}