{"id":64345,"date":"2019-05-17T19:41:42","date_gmt":"2019-05-18T00:41:42","guid":{"rendered":"https:\/\/radiowebmx.com\/nota\/?p=64345"},"modified":"2019-05-17T19:41:42","modified_gmt":"2019-05-18T00:41:42","slug":"la-cnc-el-sector-que-esta-en-pie-y-sostiene-al-pri-sofia-valencia","status":"publish","type":"post","link":"https:\/\/radiowebmx.com\/nota\/la-cnc-el-sector-que-esta-en-pie-y-sostiene-al-pri-sofia-valencia\/","title":{"rendered":"LA CNC EL SECTOR QUE EST\u00c1 EN PIE Y SOSTIENE AL PRI: SOF\u00cdA VALENCIA"},"content":{"rendered":"<p>Ser\u00e1 la pr\u00f3xima semana que la Confederaci\u00f3n Nacional Campesina lance la convocatoria para la\u00a0 creaci\u00f3n de los 5 mil comit\u00e9s de base as\u00ed\u00a0 lo dieron a\u00a0 conocer Sonia Valencia Abundis, Secretaria General de la CNC a nivel nacional y Jes\u00fas Luna Morales, l\u00edder estatal de la organizaci\u00f3n campesina.<\/p>\n<p>&nbsp;<\/p>\n<p>Lo anterior durante\u00a0 una reuni\u00f3n realizada en la capital michoacana, en donde la secretaria general tambi\u00e9n anunci\u00f3 que ser\u00e1 la coordinadora de los trabajos en cuatro entidades, las que comprenden, Colima, Jalisco, Michoac\u00e1n y Nayarit.<\/p>\n<p>&nbsp;<\/p>\n<p>En su visita a la entidad afirm\u00f3 que la CNC es el sector que est\u00e1 en pie y sosteniendo con fuerza al partido.<\/p>\n<p>&nbsp;<\/p>\n<p>Detall\u00f3 que el objetivo principal es hacer un diagn\u00f3stico general de la situaci\u00f3n actual que presentan cada una de las ligas agrarias y con base a ello saber cu\u00e1les ser\u00e1n las mejoras en cada estado.<\/p>\n<p>&nbsp;<\/p>\n<p>\u201cNos estamos preparando para los retos que vienen al interior de nuestro organismo as\u00ed como del partido que pertenecemos; es\u00a0 momento de trabajar y hacer pol\u00edtica de calidad y dejar las lamentaciones de un costado, debemos ser una oposici\u00f3n clara y contundente, en espera de los tiempos adecuados\u201d.<\/p>\n<p>&nbsp;<\/p>\n<p>Anunci\u00f3 su total alianza con la dirigencia estatal de V\u00edctor Silva Tejeda &#8220;reconocemos su trabajo y su importante apoyo a nuestro sector. Es un amigo y aliado&#8221;.<\/p>\n<p>&nbsp;<\/p>\n<p>Valencia Abundis, ante representantes de la estructura cenecista en el estado, explic\u00f3 que ser\u00e1 a partir de la siguiente semana que se lance la convocatoria y que tambi\u00e9n se dar\u00e1 a conocer el estatuto el cual contempla cambios sustanciales y que permiten el fortalecimiento de los cenecistas con la creaci\u00f3n de la escuela nacional de cuadros de la liga agraria.<\/p>\n<p>&nbsp;<\/p>\n<p>Al respecto, Jes\u00fas Luna Morales, l\u00edder de la CNC en la entidad, explic\u00f3 el trabajo que se realiza en la entidad atendiendo todas las \u00e1reas, tanto de mujeres como de j\u00f3venes.<\/p>\n<p>&nbsp;<\/p>\n<p>Adem\u00e1s, de que en Michoac\u00e1n se atraen nuevas gestiones a productores y campesinos\u00a0 a muy bajos costos.<\/p>\n<p>&nbsp;<\/p>\n<p>Reiter\u00f3 el compromiso de la liga con el partido y a estar presentes y fuertes en cada una de las etapas de reestructuraci\u00f3n que se avecinan.<\/p>\n","protected":false},"excerpt":{"rendered":"<p>Ser\u00e1 la pr\u00f3xima semana que la Confederaci\u00f3n Nacional Campesina lance la convocatoria para la\u00a0 creaci\u00f3n de los 5 mil comit\u00e9s de base as\u00ed\u00a0 lo dieron a\u00a0 conocer Sonia Valencia Abundis, Secretaria General de la CNC a nivel nacional y Jes\u00fas Luna Morales, l\u00edder estatal de la organizaci\u00f3n campesina. &nbsp; Lo anterior durante\u00a0 una reuni\u00f3n realizada [&hellip;]<\/p>\n","protected":false},"author":2,"featured_media":64346,"comment_status":"closed","ping_status":"closed","sticky":false,"template":"","format":"standard","meta":{"footnotes":""},"categories":[11],"tags":[],"class_list":["post-64345","post","type-post","status-publish","format-standard","has-post-thumbnail","hentry","category-partidos-politicos"],"_links":{"self":[{"href":"https:\/\/radiowebmx.com\/nota\/wp-json\/wp\/v2\/posts\/64345","targetHints":{"allow":["GET"]}}],"collection":[{"href":"https:\/\/radiowebmx.com\/nota\/wp-json\/wp\/v2\/posts"}],"about":[{"href":"https:\/\/radiowebmx.com\/nota\/wp-json\/wp\/v2\/types\/post"}],"author":[{"embeddable":true,"href":"https:\/\/radiowebmx.com\/nota\/wp-json\/wp\/v2\/users\/2"}],"replies":[{"embeddable":true,"href":"https:\/\/radiowebmx.com\/nota\/wp-json\/wp\/v2\/comments?post=64345"}],"version-history":[{"count":1,"href":"https:\/\/radiowebmx.com\/nota\/wp-json\/wp\/v2\/posts\/64345\/revisions"}],"predecessor-version":[{"id":64347,"href":"https:\/\/radiowebmx.com\/nota\/wp-json\/wp\/v2\/posts\/64345\/revisions\/64347"}],"wp:featuredmedia":[{"embeddable":true,"href":"https:\/\/radiowebmx.com\/nota\/wp-json\/wp\/v2\/media\/64346"}],"wp:attachment":[{"href":"https:\/\/radiowebmx.com\/nota\/wp-json\/wp\/v2\/media?parent=64345"}],"wp:term":[{"taxonomy":"category","embeddable":true,"href":"https:\/\/radiowebmx.com\/nota\/wp-json\/wp\/v2\/categories?post=64345"},{"taxonomy":"post_tag","embeddable":true,"href":"https:\/\/radiowebmx.com\/nota\/wp-json\/wp\/v2\/tags?post=64345"}],"curies":[{"name":"wp","href":"https:\/\/api.w.org\/{rel}","templated":true}]}}