{"id":6433,"date":"2014-04-03T11:13:42","date_gmt":"2014-04-03T17:13:42","guid":{"rendered":"https:\/\/radiowebmx.com\/nota\/?p=6433"},"modified":"2014-04-03T11:13:42","modified_gmt":"2014-04-03T17:13:42","slug":"hay-que-apostarle-a-la-produccion-de-maiz-amarillo-wilfrido-lazaro","status":"publish","type":"post","link":"https:\/\/radiowebmx.com\/nota\/hay-que-apostarle-a-la-produccion-de-maiz-amarillo-wilfrido-lazaro\/","title":{"rendered":"\u201cHAY QUE APOSTARLE A LA PRODUCCI\u00d3N DE MA\u00cdZ AMARILLO\u201d WILFRIDO L\u00c1ZARO"},"content":{"rendered":"<p>Para el Presidente Municipal Wilfrido L\u00e1zaro Medina, los habitantes de la zona rural como de la ciudad, \u201cdeben ser atendidos de igual manera, \u201ces por ello, que no escatimamos esfuerzos en apoyo y gestiones para bajar recursos que les representen beneficios reales\u201d dijo el jefe de la comuna al exhortar a las y los trabajadores del campo moreliano a apostarle a la producci\u00f3n de ma\u00edz amarillo.<\/p>\n<p>Con el esquema de la coordinaci\u00f3n de esfuerzos entre el Presidente de la Rep\u00fablica Enrique Pe\u00f1a Nieto, el estado con el gobernador Fausto Vallejo Figueroa y el ayuntamiento con el Presidente Municipal Wilfrido L\u00e1zaro Medina, se har\u00e1 posible que a partir de la fecha, el campo moreliano sea beneficiado con mayor apoyo.<\/p>\n<p>L\u00e1zaro Medina quien encabez\u00f3 el recorrido que en el medio rural se llev\u00f3 a cabo con el titular de la Secretar\u00eda de Agricultura, Ganader\u00eda, Pesca y Alimentaci\u00f3n (SAGARPA) en Michoac\u00e1n, Pedro Luis Ben\u00edtez V\u00e9lez, ofreci\u00f3 una explicaci\u00f3n sobre los avances y proyectos productivos exitosos que este ayuntamiento realiza en comunidades y tenencias.<\/p>\n<p>Fue en este marco donde la SAGARPA, present\u00f3 la Estrategia para la Producci\u00f3n de Ma\u00edz Amarillo en M\u00e9xico y anunci\u00f3 recursos econ\u00f3micos superiores a los 155 millones de pesos en apoyo a cerca de 6 mil productores del grano b\u00e1sico en toda la entidad, beneficio al que acceder\u00e1n tambi\u00e9n los productores de este municipio.<\/p>\n<p>De esta manera, L\u00e1zaro Medina invit\u00f3 a los agricultores a aprovechar los apoyos que el presidente de M\u00e9xico, ha destinado para el desarrollo rural de Michoac\u00e1n y llam\u00f3 a los productores de Morelia a ampliar la superficie sembrada de ma\u00edz amarillo y reducir con ello la importaci\u00f3n del grano b\u00e1sico del extranjero para poder cubrir la demanda en el pa\u00eds.<\/p>\n<p>&nbsp;<\/p>\n<p>&nbsp;<\/p>\n<p>En este recorrido de trabajo acudieron tambi\u00e9n el secretario de Desarrollo Rural del gobierno de Michoac\u00e1n, Ram\u00f3n Cano Vega y el titular de la Secretar\u00eda de Fomento Econ\u00f3mico de Morelia, Luis Navarro Garc\u00eda, el delegado de la SAGARPA y el presidente municipal de Morelia, visitaron la Destiladora de Agave para la producci\u00f3n de Mezcal, ubicada en la zona sur de la ciudad y representada por los hermanos Emilio y Sergio Vieyra.<\/p>\n<p>Informaron, que se manejan las marcas del mezcal, \u201cDon Mateo de la Sierra\u201d, \u201cPiedras de Lumbre\u201d y \u201cEl Gallero\u201d; anualmente se producen 70 mil\u00a0 litros y con ello 50 productores de la regi\u00f3n sur de Morelia toman parte.<\/p>\n<p>Asimismo reconocieron que gracias a los apoyos por parte del presidente Wilfrido L\u00e1zaro Medina; el gobierno del estado a trav\u00e9s de la Secretar\u00eda de Desarrollo Rural y la SAGARPA, las seis vinatas que ya est\u00e1n funcionando lograron posicionarse con sus marcas en el mercado local y con un aumento de demanda en el extranjero.<\/p>\n<p>Los funcionarios concluyeron el recorrido de trabajo con la visita a la Planta Destiladora de Tequila ubicada tambi\u00e9n en este municipio y conocieron que trabaja con \u00a0tiene una proyecci\u00f3n de 261 mil litros destilados al a\u00f1o y la generaci\u00f3n de 35 empleos directos y 40 indirectos.<\/p>\n<table border=\"0\" cellspacing=\"0\" cellpadding=\"0\">\n<tbody>\n<tr>\n<td><\/td>\n<\/tr>\n<\/tbody>\n<\/table>\n<p>&nbsp;<\/p>\n","protected":false},"excerpt":{"rendered":"<p>Para el Presidente Municipal Wilfrido L\u00e1zaro Medina, los habitantes de la zona rural como de la ciudad, \u201cdeben ser atendidos de igual manera, \u201ces por ello, que no escatimamos esfuerzos en apoyo y gestiones para bajar recursos que les representen beneficios reales\u201d<\/p>\n","protected":false},"author":1,"featured_media":0,"comment_status":"open","ping_status":"open","sticky":false,"template":"","format":"standard","meta":{"footnotes":""},"categories":[9],"tags":[],"class_list":["post-6433","post","type-post","status-publish","format-standard","hentry","category-morelia"],"_links":{"self":[{"href":"https:\/\/radiowebmx.com\/nota\/wp-json\/wp\/v2\/posts\/6433","targetHints":{"allow":["GET"]}}],"collection":[{"href":"https:\/\/radiowebmx.com\/nota\/wp-json\/wp\/v2\/posts"}],"about":[{"href":"https:\/\/radiowebmx.com\/nota\/wp-json\/wp\/v2\/types\/post"}],"author":[{"embeddable":true,"href":"https:\/\/radiowebmx.com\/nota\/wp-json\/wp\/v2\/users\/1"}],"replies":[{"embeddable":true,"href":"https:\/\/radiowebmx.com\/nota\/wp-json\/wp\/v2\/comments?post=6433"}],"version-history":[{"count":2,"href":"https:\/\/radiowebmx.com\/nota\/wp-json\/wp\/v2\/posts\/6433\/revisions"}],"predecessor-version":[{"id":6435,"href":"https:\/\/radiowebmx.com\/nota\/wp-json\/wp\/v2\/posts\/6433\/revisions\/6435"}],"wp:attachment":[{"href":"https:\/\/radiowebmx.com\/nota\/wp-json\/wp\/v2\/media?parent=6433"}],"wp:term":[{"taxonomy":"category","embeddable":true,"href":"https:\/\/radiowebmx.com\/nota\/wp-json\/wp\/v2\/categories?post=6433"},{"taxonomy":"post_tag","embeddable":true,"href":"https:\/\/radiowebmx.com\/nota\/wp-json\/wp\/v2\/tags?post=6433"}],"curies":[{"name":"wp","href":"https:\/\/api.w.org\/{rel}","templated":true}]}}