{"id":64304,"date":"2019-05-16T14:33:10","date_gmt":"2019-05-16T19:33:10","guid":{"rendered":"https:\/\/radiowebmx.com\/nota\/?p=64304"},"modified":"2019-05-16T14:33:10","modified_gmt":"2019-05-16T19:33:10","slug":"el-pri-promotor-de-la-cultura-victor-silva","status":"publish","type":"post","link":"https:\/\/radiowebmx.com\/nota\/el-pri-promotor-de-la-cultura-victor-silva\/","title":{"rendered":"EL PRI, PROMOTOR DE LA CULTURA: V\u00cdCTOR SILVA"},"content":{"rendered":"<p>V\u00edctor Silva Tejeda, presidente del CDE del PRI en la entidad, otorg\u00f3 el nombramiento como Coordinador Editorial y Cultural\u00a0 a Bismarck Izquierdo Rodr\u00edguez, quien a partir de la fecha se integra a los trabajos del partido cuyo principal objetivo es seguir estrechando los lazos entre la militancia.<\/p>\n<p>&nbsp;<\/p>\n<p>El PRI, desde siempre ha sido un aliado natural de la cultura y su fomento para la formaci\u00f3n de m\u00e1s y mejores ciudadanos en la entidad y en el pa\u00eds, destac\u00f3 Silva Tejeda, por ello la importancia que esta \u00e1rea cuente con una persona capacitada en la materia tal como lo es Izquierdo Rodr\u00edguez.<\/p>\n<p>&nbsp;<\/p>\n<p>V\u00edctor Silva, se\u00f1al\u00f3 que uno de las principales tareas es regresar a cubrir el estado con propuestas y objetivos acordes a los retos que tiene consigo el ser un partido de oposici\u00f3n.<\/p>\n<p>&nbsp;<\/p>\n<p>Por ello a trav\u00e9s de esta \u00e1rea se proponen diferentes objetivos de trabajo, entre los que destacan promover y difundir las expresiones culturales de la entidad.<\/p>\n<p>&nbsp;<\/p>\n<p>Bismark Izquierdo, titular del \u00e1rea, mencion\u00f3 que la meta que se han planteado\u00a0 es preservar, promover y difundir el patrimonio y la diversidad cultural del estado; impulsar y fomentar la lectura; ofrecer los medios para que la comunidad art\u00edstica encuentre nuevos foros, as\u00ed desarrollar la cultura de las comunidades; promover la publicaci\u00f3n de ediciones, as\u00ed como la creaci\u00f3n del fondo editorial, entre otros.<\/p>\n<p>&nbsp;<\/p>\n<p>Finalmente el presidente del partido, conmin\u00f3 a fortalecer la unidad con la militancia y los simpatizantes a trav\u00e9s de esta \u00e1rea.<\/p>\n","protected":false},"excerpt":{"rendered":"<p>V\u00edctor Silva Tejeda, presidente del CDE del PRI en la entidad, otorg\u00f3 el nombramiento como Coordinador Editorial y Cultural\u00a0 a Bismarck Izquierdo Rodr\u00edguez, quien a partir de la fecha se integra a los trabajos del partido cuyo principal objetivo es seguir estrechando los lazos entre la militancia. &nbsp; El PRI, desde siempre ha sido un [&hellip;]<\/p>\n","protected":false},"author":2,"featured_media":64305,"comment_status":"closed","ping_status":"closed","sticky":false,"template":"","format":"standard","meta":{"footnotes":""},"categories":[11],"tags":[],"class_list":["post-64304","post","type-post","status-publish","format-standard","has-post-thumbnail","hentry","category-partidos-politicos"],"_links":{"self":[{"href":"https:\/\/radiowebmx.com\/nota\/wp-json\/wp\/v2\/posts\/64304","targetHints":{"allow":["GET"]}}],"collection":[{"href":"https:\/\/radiowebmx.com\/nota\/wp-json\/wp\/v2\/posts"}],"about":[{"href":"https:\/\/radiowebmx.com\/nota\/wp-json\/wp\/v2\/types\/post"}],"author":[{"embeddable":true,"href":"https:\/\/radiowebmx.com\/nota\/wp-json\/wp\/v2\/users\/2"}],"replies":[{"embeddable":true,"href":"https:\/\/radiowebmx.com\/nota\/wp-json\/wp\/v2\/comments?post=64304"}],"version-history":[{"count":1,"href":"https:\/\/radiowebmx.com\/nota\/wp-json\/wp\/v2\/posts\/64304\/revisions"}],"predecessor-version":[{"id":64306,"href":"https:\/\/radiowebmx.com\/nota\/wp-json\/wp\/v2\/posts\/64304\/revisions\/64306"}],"wp:featuredmedia":[{"embeddable":true,"href":"https:\/\/radiowebmx.com\/nota\/wp-json\/wp\/v2\/media\/64305"}],"wp:attachment":[{"href":"https:\/\/radiowebmx.com\/nota\/wp-json\/wp\/v2\/media?parent=64304"}],"wp:term":[{"taxonomy":"category","embeddable":true,"href":"https:\/\/radiowebmx.com\/nota\/wp-json\/wp\/v2\/categories?post=64304"},{"taxonomy":"post_tag","embeddable":true,"href":"https:\/\/radiowebmx.com\/nota\/wp-json\/wp\/v2\/tags?post=64304"}],"curies":[{"name":"wp","href":"https:\/\/api.w.org\/{rel}","templated":true}]}}