{"id":6426,"date":"2014-04-02T11:53:00","date_gmt":"2014-04-02T17:53:00","guid":{"rendered":"https:\/\/radiowebmx.com\/nota\/?p=6426"},"modified":"2014-04-02T11:53:00","modified_gmt":"2014-04-02T17:53:00","slug":"apoyan-gobiernos-federal-y-estatal-rehabilitacion-de-viviendas-en-la-ribera-del-lago-de-patzcuaro","status":"publish","type":"post","link":"https:\/\/radiowebmx.com\/nota\/apoyan-gobiernos-federal-y-estatal-rehabilitacion-de-viviendas-en-la-ribera-del-lago-de-patzcuaro\/","title":{"rendered":"APOYAN GOBIERNOS FEDERAL Y ESTATAL REHABILITACI\u00d3N DE VIVIENDAS EN LA RIBERA DEL LAGO DE P\u00c1TZCUARO"},"content":{"rendered":"<p><a href=\"https:\/\/radiowebmx.com\/nota\/wp-content\/uploads\/2014\/04\/IMG_64031.jpg\"><img loading=\"lazy\" decoding=\"async\" class=\"alignleft size-full wp-image-6427\" alt=\"IMG_6403[1]\" src=\"https:\/\/radiowebmx.com\/nota\/wp-content\/uploads\/2014\/04\/IMG_64031.jpg\" width=\"591\" height=\"338\" \/><\/a>Un presupuesto cercano a los 3 millones de pesos ser\u00e1 invertido por los gobiernos federal y estatal, adem\u00e1s de organizaciones de cooperaci\u00f3n internacional, para la rehabilitaci\u00f3n de viviendas de comunidades marginadas de la ribera del Lago de P\u00e1tzcuaro.<\/p>\n<p>&nbsp;<\/p>\n<p>Los trabajos de mejoramiento se aplicar\u00e1n en un total de 37 viviendas, a partir de los cuales las familias beneficiadas contar\u00e1n con espacios m\u00e1s funcionales para el desarrollo de sus tareas artesanales, dispondr\u00e1n de una vivienda digna, adem\u00e1s de que mejorar\u00e1n su calidad de vida.<\/p>\n<p>&nbsp;<\/p>\n<p>Dentro de los trabajos a efectuar se incluye el mejoramiento de fachadas y de interiores, incluidos las instalaciones sanitarias, as\u00ed como la restituci\u00f3n de techos, por citar algunos.<\/p>\n<p>&nbsp;<\/p>\n<p>Al respecto, diversas autoridades federales y estatales, entre ellos el director general de Coordinaci\u00f3n Pol\u00edtica de la Secretar\u00eda de Relaciones Exteriores (SRE), Emilio Su\u00e1rez Licona; el director general de Cooperaci\u00f3n T\u00e9cnica y Cient\u00edfica de la canciller\u00eda Bruno Figueroa Fischer, y el secretario de Urbanismo y Medio Ambiente en Michoac\u00e1n, Mauro Ram\u00f3n Ballesteros Figueroa, realizaron una visita a la cabecera municipal de Tzintzuntzan, para supervisar el inicio del proyecto.<\/p>\n<p>&nbsp;<\/p>\n<p>Se trata de un proyecto con enfoque incluyente en el que participan, la Agencia Mexicana de Cooperaci\u00f3n Internacional para el Desarrollo (AMEXCID), la Agencia Espa\u00f1ola de Cooperaci\u00f3n Internacional para el Desarrollo (AECID), la Consejer\u00eda de Fomento y Vivienda de la Junta de Andaluc\u00eda, la Congregaci\u00f3n\u00a0 Mariana Trinitaria y el Gobierno del Estado de Michoac\u00e1n a trav\u00e9s de la Secretar\u00eda de Urbanismo y Medio Ambiente.<\/p>\n<p>&nbsp;<\/p>\n<p>Sobre el particular, el titular de la SUMA, Mauro Ram\u00f3n Ballesteros destac\u00f3 que la atenci\u00f3n a comunidades marginadas constituye una prioridad del Ejecutivo estatal, Fausto Vallejo Figueroa, en su inter\u00e9s de promover el desarrollo de los pueblos y el bienestar de sus habitantes.<\/p>\n<p>&nbsp;<\/p>\n<p>Se\u00f1al\u00f3 que a ra\u00edz de la coordinaci\u00f3n de esfuerzos con el Gobierno Federal que encabeza el presidente Enrique Pe\u00f1a Nieto, se han podido cristalizar m\u00e1s apoyos tendientes a dar respuesta positiva a las necesidades prioritarias de la poblaci\u00f3n.<\/p>\n<p>&nbsp;<\/p>\n<p>En ello tambi\u00e9n coincidi\u00f3 el director general de Coordinaci\u00f3n Pol\u00edtica, Emilio Su\u00e1rez Licona, al se\u00f1alar que con la instrumentaci\u00f3n de esfuerzos conjuntos, se ha podido atender\u00a0 a un n\u00famero importante de poblaciones necesitadas.<\/p>\n<p>En el recorrido de supervisi\u00f3n tambi\u00e9n particip\u00f3 el presidente municipal de Tzintzuntzan, Jos\u00e9 Gerardo Villag\u00f3mez Calder\u00f3n, y la alcaldesa de P\u00e1tzcuaro, Salma Karrum Cervantes, entre otros.<\/p>\n","protected":false},"excerpt":{"rendered":"<p>Un presupuesto cercano a los 3 millones de pesos ser\u00e1 invertido por los gobiernos federal y estatal, adem\u00e1s de organizaciones de cooperaci\u00f3n internacional, para la rehabilitaci\u00f3n de viviendas de comunidades marginadas de la ribera del Lago de P\u00e1tzcuaro.<\/p>\n","protected":false},"author":1,"featured_media":0,"comment_status":"open","ping_status":"open","sticky":false,"template":"","format":"standard","meta":{"footnotes":""},"categories":[14,3],"tags":[],"class_list":["post-6426","post","type-post","status-publish","format-standard","hentry","category-destacadas","category-gobierno-del-estado-de-michoacan"],"_links":{"self":[{"href":"https:\/\/radiowebmx.com\/nota\/wp-json\/wp\/v2\/posts\/6426","targetHints":{"allow":["GET"]}}],"collection":[{"href":"https:\/\/radiowebmx.com\/nota\/wp-json\/wp\/v2\/posts"}],"about":[{"href":"https:\/\/radiowebmx.com\/nota\/wp-json\/wp\/v2\/types\/post"}],"author":[{"embeddable":true,"href":"https:\/\/radiowebmx.com\/nota\/wp-json\/wp\/v2\/users\/1"}],"replies":[{"embeddable":true,"href":"https:\/\/radiowebmx.com\/nota\/wp-json\/wp\/v2\/comments?post=6426"}],"version-history":[{"count":1,"href":"https:\/\/radiowebmx.com\/nota\/wp-json\/wp\/v2\/posts\/6426\/revisions"}],"predecessor-version":[{"id":6428,"href":"https:\/\/radiowebmx.com\/nota\/wp-json\/wp\/v2\/posts\/6426\/revisions\/6428"}],"wp:attachment":[{"href":"https:\/\/radiowebmx.com\/nota\/wp-json\/wp\/v2\/media?parent=6426"}],"wp:term":[{"taxonomy":"category","embeddable":true,"href":"https:\/\/radiowebmx.com\/nota\/wp-json\/wp\/v2\/categories?post=6426"},{"taxonomy":"post_tag","embeddable":true,"href":"https:\/\/radiowebmx.com\/nota\/wp-json\/wp\/v2\/tags?post=6426"}],"curies":[{"name":"wp","href":"https:\/\/api.w.org\/{rel}","templated":true}]}}