{"id":64234,"date":"2019-05-15T15:06:20","date_gmt":"2019-05-15T20:06:20","guid":{"rendered":"https:\/\/radiowebmx.com\/nota\/?p=64234"},"modified":"2019-05-15T15:06:20","modified_gmt":"2019-05-15T20:06:20","slug":"evalua-victor-silva-trabajos-de-afiliacion-y-refrendo-de-militancia","status":"publish","type":"post","link":"https:\/\/radiowebmx.com\/nota\/evalua-victor-silva-trabajos-de-afiliacion-y-refrendo-de-militancia\/","title":{"rendered":"Eval\u00faa V\u00edctor Silva  trabajos de Afiliaci\u00f3n y Refrendo de Militancia."},"content":{"rendered":"<p>El presidente del Comit\u00e9 Directivo Estatal del PRI en Michoac\u00e1n, V\u00edctor Silva Tejeda encabez\u00f3 una reuni\u00f3n de evaluaci\u00f3n del programa nacional de Afiliaci\u00f3n y Refrendo Partidista, con delegados pol\u00edticos.<\/p>\n<p>&nbsp;<\/p>\n<p>Dicha reuni\u00f3n, convocada por el secretario de organizaci\u00f3n, Antonio Guzm\u00e1n Casta\u00f1eda permiti\u00f3 conocer los avances que se tienen a la fecha.<\/p>\n<p>&nbsp;<\/p>\n<p>Ah\u00ed, V\u00edctor Silva reiter\u00f3 la importancia de la Afiliaci\u00f3n y Refrendo dado qu\u00e9 partir de ahora, se instaura una nueva \u00e9poca en el partido en que todas las dirigencias desde la del CEN, hasta las estatales y de Sectores y Organizaciones deber\u00e1n ser por consulta a la base.<\/p>\n<p>&nbsp;<\/p>\n<p>De igual forma, &#8220;tal y como lo viene pidiendo la militancia&#8221; tambi\u00e9n seleccionar, por ese m\u00e9todo las candidaturas en el 2021.<\/p>\n<p>&nbsp;<\/p>\n<p>El l\u00edder priista fue enf\u00e1tico en recalcar que &#8220;los dedazos cupulares deben ser parte del\u00a0 pasado del partido&#8221;.<\/p>\n<p>&nbsp;<\/p>\n<p>Cabe se\u00f1alar que en los pr\u00f3ximos d\u00edas se har\u00e1 entrega masiva de credenciales partidistas a una serie de correligionarios y liderazgos destacados que han refrendado su\u00a0 institucionalidad para con el partido pol\u00edtico.<\/p>\n","protected":false},"excerpt":{"rendered":"<p>El presidente del Comit\u00e9 Directivo Estatal del PRI en Michoac\u00e1n, V\u00edctor Silva Tejeda encabez\u00f3 una reuni\u00f3n de evaluaci\u00f3n del programa nacional de Afiliaci\u00f3n y Refrendo Partidista, con delegados pol\u00edticos. &nbsp; Dicha reuni\u00f3n, convocada por el secretario de organizaci\u00f3n, Antonio Guzm\u00e1n Casta\u00f1eda permiti\u00f3 conocer los avances que se tienen a la fecha. &nbsp; Ah\u00ed, V\u00edctor Silva [&hellip;]<\/p>\n","protected":false},"author":2,"featured_media":64235,"comment_status":"closed","ping_status":"closed","sticky":false,"template":"","format":"standard","meta":{"footnotes":""},"categories":[11],"tags":[],"class_list":["post-64234","post","type-post","status-publish","format-standard","has-post-thumbnail","hentry","category-partidos-politicos"],"_links":{"self":[{"href":"https:\/\/radiowebmx.com\/nota\/wp-json\/wp\/v2\/posts\/64234","targetHints":{"allow":["GET"]}}],"collection":[{"href":"https:\/\/radiowebmx.com\/nota\/wp-json\/wp\/v2\/posts"}],"about":[{"href":"https:\/\/radiowebmx.com\/nota\/wp-json\/wp\/v2\/types\/post"}],"author":[{"embeddable":true,"href":"https:\/\/radiowebmx.com\/nota\/wp-json\/wp\/v2\/users\/2"}],"replies":[{"embeddable":true,"href":"https:\/\/radiowebmx.com\/nota\/wp-json\/wp\/v2\/comments?post=64234"}],"version-history":[{"count":1,"href":"https:\/\/radiowebmx.com\/nota\/wp-json\/wp\/v2\/posts\/64234\/revisions"}],"predecessor-version":[{"id":64236,"href":"https:\/\/radiowebmx.com\/nota\/wp-json\/wp\/v2\/posts\/64234\/revisions\/64236"}],"wp:featuredmedia":[{"embeddable":true,"href":"https:\/\/radiowebmx.com\/nota\/wp-json\/wp\/v2\/media\/64235"}],"wp:attachment":[{"href":"https:\/\/radiowebmx.com\/nota\/wp-json\/wp\/v2\/media?parent=64234"}],"wp:term":[{"taxonomy":"category","embeddable":true,"href":"https:\/\/radiowebmx.com\/nota\/wp-json\/wp\/v2\/categories?post=64234"},{"taxonomy":"post_tag","embeddable":true,"href":"https:\/\/radiowebmx.com\/nota\/wp-json\/wp\/v2\/tags?post=64234"}],"curies":[{"name":"wp","href":"https:\/\/api.w.org\/{rel}","templated":true}]}}