{"id":6423,"date":"2014-04-02T11:18:31","date_gmt":"2014-04-02T17:18:31","guid":{"rendered":"https:\/\/radiowebmx.com\/nota\/?p=6423"},"modified":"2014-04-02T11:18:31","modified_gmt":"2014-04-02T17:18:31","slug":"gobernador-y-senadores-de-comision-de-seguridad-sostienen-encuentro%e2%80%8f","status":"publish","type":"post","link":"https:\/\/radiowebmx.com\/nota\/gobernador-y-senadores-de-comision-de-seguridad-sostienen-encuentro%e2%80%8f\/","title":{"rendered":"Gobernador y senadores de Comisi\u00f3n de Seguridad sostienen encuentro\u200f"},"content":{"rendered":"<p><a href=\"https:\/\/radiowebmx.com\/nota\/wp-content\/uploads\/2014\/04\/FVF-SENADORES.jpg\"><img loading=\"lazy\" decoding=\"async\" class=\"alignleft size-full wp-image-6424\" alt=\"FVF-SENADORES\" src=\"https:\/\/radiowebmx.com\/nota\/wp-content\/uploads\/2014\/04\/FVF-SENADORES.jpg\" width=\"591\" height=\"371\" \/><\/a>El gobernador del estado Fausto Vallejo Figueroa, se reuni\u00f3 este martes con los senadores integrantes de la Comisi\u00f3n de Seguridad del Congreso de la Uni\u00f3n; entre ellos los michoacanos Ascenci\u00f3n Orihuela B\u00e1rcenas, Roc\u00edo Pineda Gochi e Iris Mendoza Mendoza.<\/p>\n<h2><\/h2>\n","protected":false},"excerpt":{"rendered":"<p>El gobernador del estado Fausto Vallejo Figueroa, se reuni\u00f3 este martes con los senadores integrantes de la Comisi\u00f3n de Seguridad del Congreso de la Uni\u00f3n; entre ellos los michoacanos Ascenci\u00f3n Orihuela B\u00e1rcenas, Roc\u00edo Pineda Gochi e Iris Mendoza Mendoza.<\/p>\n","protected":false},"author":1,"featured_media":0,"comment_status":"open","ping_status":"open","sticky":false,"template":"","format":"standard","meta":{"footnotes":""},"categories":[14,3],"tags":[],"class_list":["post-6423","post","type-post","status-publish","format-standard","hentry","category-destacadas","category-gobierno-del-estado-de-michoacan"],"_links":{"self":[{"href":"https:\/\/radiowebmx.com\/nota\/wp-json\/wp\/v2\/posts\/6423","targetHints":{"allow":["GET"]}}],"collection":[{"href":"https:\/\/radiowebmx.com\/nota\/wp-json\/wp\/v2\/posts"}],"about":[{"href":"https:\/\/radiowebmx.com\/nota\/wp-json\/wp\/v2\/types\/post"}],"author":[{"embeddable":true,"href":"https:\/\/radiowebmx.com\/nota\/wp-json\/wp\/v2\/users\/1"}],"replies":[{"embeddable":true,"href":"https:\/\/radiowebmx.com\/nota\/wp-json\/wp\/v2\/comments?post=6423"}],"version-history":[{"count":1,"href":"https:\/\/radiowebmx.com\/nota\/wp-json\/wp\/v2\/posts\/6423\/revisions"}],"predecessor-version":[{"id":6425,"href":"https:\/\/radiowebmx.com\/nota\/wp-json\/wp\/v2\/posts\/6423\/revisions\/6425"}],"wp:attachment":[{"href":"https:\/\/radiowebmx.com\/nota\/wp-json\/wp\/v2\/media?parent=6423"}],"wp:term":[{"taxonomy":"category","embeddable":true,"href":"https:\/\/radiowebmx.com\/nota\/wp-json\/wp\/v2\/categories?post=6423"},{"taxonomy":"post_tag","embeddable":true,"href":"https:\/\/radiowebmx.com\/nota\/wp-json\/wp\/v2\/tags?post=6423"}],"curies":[{"name":"wp","href":"https:\/\/api.w.org\/{rel}","templated":true}]}}