{"id":6420,"date":"2014-04-02T11:07:40","date_gmt":"2014-04-02T17:07:40","guid":{"rendered":"https:\/\/radiowebmx.com\/nota\/?p=6420"},"modified":"2014-04-02T11:07:40","modified_gmt":"2014-04-02T17:07:40","slug":"esclarece-pgje-homicidio-de-joven-y-detiene-a-probable-responsable","status":"publish","type":"post","link":"https:\/\/radiowebmx.com\/nota\/esclarece-pgje-homicidio-de-joven-y-detiene-a-probable-responsable\/","title":{"rendered":"Esclarece PGJE homicidio de joven y detiene a probable responsable"},"content":{"rendered":"<p>Investigaciones y trabajos de inteligencia realizados por personal de la Procuradur\u00eda General de Justicia del Estado, permitieron el esclarecimiento y detenci\u00f3n del probable responsable de hechos ocurridos el pasado 17 de febrero en esta ciudad, donde un joven result\u00f3 muerto y dos m\u00e1s quedaron heridos por proyectil de arma de fuego.<\/p>\n<p>&nbsp;<\/p>\n<p>Ante el agente del Ministerio P\u00fablico Investigador fue puesto a disposici\u00f3n Janeiro S, de 39 a\u00f1os de edad, quien se encuentra relacionado en averiguaci\u00f3n previa por el delito de homicidio, cometido en agravio de Jer\u00f3nimo Neumaier, as\u00ed como por el il\u00edcito de lesiones, perpetrado en perjuicio de Gandhi Contreras S\u00e1nchez y Luis Roberto Mej\u00eda Vargas.<\/p>\n<p>&nbsp;<\/p>\n<p>De acuerdo a las constancias de la indagatoria correspondiente, el pasado 17 de febrero por la noche, Jer\u00f3nimo Neumaier, en compa\u00f1\u00eda de otros siete j\u00f3venes, a bordo de un veh\u00edculo tipo pick up, acudi\u00f3 a un establecimiento comercial ubicado en la Avenida Tata Vasco de la colonia Vasco de Quiroga, pero en los momentos que se estacionaban, les cerr\u00f3 el paso una camioneta de modelo reciente, manejada presuntamente por Janeiro, quien de acuerdo a los testimonios, tras agredirlos verbalmente accion\u00f3 un arma de fuego en contra de los ocupantes de la otra unidad.<\/p>\n<p>&nbsp;<\/p>\n<p>En el lugar resultaron heridos Gandhi Calder\u00f3n y Luis Roberto Mej\u00eda, quienes fueron auxiliados por sus propios compa\u00f1eros y trasladados a la Cruz Roja, a bordo de la misma unidad; sin embargo, antes de llegar al cruce con la Avenida Madero, nuevamente les dio alcance la camioneta del presunto hechor y volvi\u00f3 accionar su arma de fuego en contra de Jer\u00f3nimo Neumaier, el cual muri\u00f3 en el lugar a consecuencia de las heridas que recibi\u00f3 en el rostro.<\/p>\n<p>&nbsp;<\/p>\n<p>Tras la agresi\u00f3n, el presunto homicida se dio a la fuga, en tanto que Gandhi y Luis Roberto fueron auxiliados por param\u00e9dicos y trasladados a diferentes nosocomios dada la gravedad de sus heridas.<\/p>\n<p>&nbsp;<\/p>\n<p>Durante el trabajo de investigaci\u00f3n realizado por el personal de la Polic\u00eda Ministerial, se logr\u00f3 identificar y ubicar al probable responsable, por lo que fue en base a una orden de localizaci\u00f3n y presentaci\u00f3n como fue detenido y puesto a disposici\u00f3n del representante social, mismo que en las pr\u00f3ximas horas resolver\u00e1 su situaci\u00f3n jur\u00eddica.<\/p>\n<p>&nbsp;<\/p>\n<p>Cabe hacer menci\u00f3n que durante el desarrollo de la indagatoria se realizaron las confrontaciones respectivas, en las que los j\u00f3venes heridos y los testigos dijeron reconocer plenamente a Janeiro S. como la persona que los agredi\u00f3 el pasado 17 de febrero.<\/p>\n","protected":false},"excerpt":{"rendered":"<p>Investigaciones y trabajos de inteligencia realizados por personal de la Procuradur\u00eda General de Justicia del Estado, permitieron el esclarecimiento y detenci\u00f3n del probable responsable de hechos ocurridos el pasado 17 de febrero en esta ciudad, <\/p>\n","protected":false},"author":1,"featured_media":0,"comment_status":"open","ping_status":"open","sticky":false,"template":"","format":"standard","meta":{"footnotes":""},"categories":[3],"tags":[],"class_list":["post-6420","post","type-post","status-publish","format-standard","hentry","category-gobierno-del-estado-de-michoacan"],"_links":{"self":[{"href":"https:\/\/radiowebmx.com\/nota\/wp-json\/wp\/v2\/posts\/6420","targetHints":{"allow":["GET"]}}],"collection":[{"href":"https:\/\/radiowebmx.com\/nota\/wp-json\/wp\/v2\/posts"}],"about":[{"href":"https:\/\/radiowebmx.com\/nota\/wp-json\/wp\/v2\/types\/post"}],"author":[{"embeddable":true,"href":"https:\/\/radiowebmx.com\/nota\/wp-json\/wp\/v2\/users\/1"}],"replies":[{"embeddable":true,"href":"https:\/\/radiowebmx.com\/nota\/wp-json\/wp\/v2\/comments?post=6420"}],"version-history":[{"count":2,"href":"https:\/\/radiowebmx.com\/nota\/wp-json\/wp\/v2\/posts\/6420\/revisions"}],"predecessor-version":[{"id":6422,"href":"https:\/\/radiowebmx.com\/nota\/wp-json\/wp\/v2\/posts\/6420\/revisions\/6422"}],"wp:attachment":[{"href":"https:\/\/radiowebmx.com\/nota\/wp-json\/wp\/v2\/media?parent=6420"}],"wp:term":[{"taxonomy":"category","embeddable":true,"href":"https:\/\/radiowebmx.com\/nota\/wp-json\/wp\/v2\/categories?post=6420"},{"taxonomy":"post_tag","embeddable":true,"href":"https:\/\/radiowebmx.com\/nota\/wp-json\/wp\/v2\/tags?post=6420"}],"curies":[{"name":"wp","href":"https:\/\/api.w.org\/{rel}","templated":true}]}}