{"id":6417,"date":"2014-04-02T10:59:59","date_gmt":"2014-04-02T16:59:59","guid":{"rendered":"https:\/\/radiowebmx.com\/nota\/?p=6417"},"modified":"2014-04-02T10:59:59","modified_gmt":"2014-04-02T16:59:59","slug":"seis-mil-juguetes-recabados-en-colecta-de-jugando-por-los-ninos-de-michoacan","status":"publish","type":"post","link":"https:\/\/radiowebmx.com\/nota\/seis-mil-juguetes-recabados-en-colecta-de-jugando-por-los-ninos-de-michoacan\/","title":{"rendered":"SEIS MIL JUGUETES RECABADOS EN COLECTA DE \u201cJUGANDO POR LOS NI\u00d1OS DE MICHOAC\u00c1N\u201d"},"content":{"rendered":"<p><a href=\"https:\/\/radiowebmx.com\/nota\/wp-content\/uploads\/2014\/04\/DSC7049.jpg\"><img loading=\"lazy\" decoding=\"async\" class=\"alignleft size-full wp-image-6418\" alt=\"_DSC7049\" src=\"https:\/\/radiowebmx.com\/nota\/wp-content\/uploads\/2014\/04\/DSC7049.jpg\" width=\"591\" height=\"331\" \/><\/a>Nelly Sastr\u00e9 Gasca, directora general del Sistema para el Desarrollo Integral de la Familia (DIF) Michoac\u00e1n, mismo que preside Patricia Mora de Vallejo, anunci\u00f3 que la colecta de juguetes \u201cJugando por los Ni\u00f1os de Michoac\u00e1n\u201d, \u00a0result\u00f3 todo un \u00e9xito, puesto que tan s\u00f3lo en un d\u00eda se lograron recaudar 6 mil juguetes para las ni\u00f1as y ni\u00f1os michoacanos en situaci\u00f3n de vulnerabilidad.<\/p>\n<p>&nbsp;<\/p>\n<p>El Gobierno del Estado a trav\u00e9s del Sistema DIF Michoac\u00e1n, la Secretar\u00eda de Pol\u00edtica Social (Sepsol) y en conjunto con el Club de f\u00fatbol Monarcas Morelia, durante la tarde de este martes organizaron esta colecta en el marco de la celebraci\u00f3n del D\u00eda del Ni\u00f1o, donde los michoacanos que se solidarizaron con esta noble causa, a cambio recibieron un\u00a0 aut\u00f3grafo de los jugadores del equipo de la monarqu\u00eda.<\/p>\n<p>&nbsp;<\/p>\n<p>Nelly Sastr\u00e9 agradeci\u00f3 a todas las personas que donaron juguetes, ya que el objetivo es ver a muchos ni\u00f1os y ni\u00f1as sonre\u00edr el pr\u00f3ximo 30 de abril, \u201cya que el motor de nuestro trabajo son los peque\u00f1os de Michoac\u00e1n\u201d, enfatiz\u00f3.<\/p>\n<p>&nbsp;<\/p>\n<p>El escenario fue la explanada de la Plaza Valladolid, donde la afici\u00f3n monarca se dio cita desde muy temprano esperando poder sumarse a esta convocatoria; con playeras, gorras, posters y balones en mano, miles de michoacanos pudieron pasar una tarde familiar, pero sobretodo apoyar esta acci\u00f3n a favor de quienes m\u00e1s lo necesitan.<\/p>\n<p>&nbsp;<\/p>\n<p>Cabe resaltar que los juguetes obtenidos ser\u00e1n distribuidos en dos etapas. La primera entrega se realizar\u00e1 los d\u00edas 21 y 22 de abril, en que los jugadores del equipo de f\u00fatbol acompa\u00f1ar\u00e1n al personal del Gobierno estatal a distintos municipios. La segunda entrega se realizar\u00e1 del 27 de abril.<\/p>\n<p>&nbsp;<\/p>\n<p>Felipe Baloy, Felipe Rodr\u00edguez, Christian Valdez, Joel Huiqui, Jorge Z\u00e1rate, Ever Guzm\u00e1n, Francisco Acu\u00f1a, Duvier Riascos, Francisco D\u00f3rame, H\u00e9ctor Mancilla, Rodrigo Salinas, Armando Zamorano, Rodrigo God\u00ednez, Jos\u00e9 Antonio Olvera, \u00a0Israel Villase\u00f1or, \u00d3scar Fern\u00e1ndez, Aldo Leao, Carlos Morales, Ignacio Gonz\u00e1lez, H\u00e9ctor Reynoso, \u00a0Egidio Ar\u00e9valo, Hibert Ruiz, Alexandro \u00c1lvarez, Luis Morales, Jorge S\u00e1nchez, Luis Fernando Silva, mostraron todo su inter\u00e9s en participar en causas tan nobles, como lo son los ni\u00f1os michoacanos y adem\u00e1s se tomaron fotos con los asistentes.<\/p>\n<p>&nbsp;<\/p>\n<p>El secretario de Pol\u00edtica Social, Rodrigo Iv\u00e1n Maldonado L\u00f3pez agradeci\u00f3 tanto la participaci\u00f3n de los jugadores de Monarcas Morelia, como de los miles de asistentes y de funcionarios de varias dependencias de gobierno, quienes solidariamente participaron con la causa.<\/p>\n<p>&nbsp;<\/p>\n<p>Finalmente, el director de Fortalecimiento Comunitario de Sepsol, Tezca D\u00edaz anunci\u00f3 que la entrega de los juguetes recaudados ser\u00e1 a finales del mes de abril como parte de los festejos del D\u00eda del Ni\u00f1o, a menores que habitan en comunidades ind\u00edgenas del estado, entre las que se encuentran Jer\u00e1huaro, Cher\u00e1n, Nahuatzen, Chilchota, Santa Fe de la Laguna, entre otros.<\/p>\n","protected":false},"excerpt":{"rendered":"<p>Nelly Sastr\u00e9 Gasca, directora general del Sistema para el Desarrollo Integral de la Familia (DIF) Michoac\u00e1n, mismo que preside Patricia Mora de Vallejo, anunci\u00f3 que la colecta de juguetes \u201cJugando por los Ni\u00f1os de Michoac\u00e1n\u201d, <\/p>\n","protected":false},"author":1,"featured_media":0,"comment_status":"open","ping_status":"open","sticky":false,"template":"","format":"standard","meta":{"footnotes":""},"categories":[14,3],"tags":[],"class_list":["post-6417","post","type-post","status-publish","format-standard","hentry","category-destacadas","category-gobierno-del-estado-de-michoacan"],"_links":{"self":[{"href":"https:\/\/radiowebmx.com\/nota\/wp-json\/wp\/v2\/posts\/6417","targetHints":{"allow":["GET"]}}],"collection":[{"href":"https:\/\/radiowebmx.com\/nota\/wp-json\/wp\/v2\/posts"}],"about":[{"href":"https:\/\/radiowebmx.com\/nota\/wp-json\/wp\/v2\/types\/post"}],"author":[{"embeddable":true,"href":"https:\/\/radiowebmx.com\/nota\/wp-json\/wp\/v2\/users\/1"}],"replies":[{"embeddable":true,"href":"https:\/\/radiowebmx.com\/nota\/wp-json\/wp\/v2\/comments?post=6417"}],"version-history":[{"count":1,"href":"https:\/\/radiowebmx.com\/nota\/wp-json\/wp\/v2\/posts\/6417\/revisions"}],"predecessor-version":[{"id":6419,"href":"https:\/\/radiowebmx.com\/nota\/wp-json\/wp\/v2\/posts\/6417\/revisions\/6419"}],"wp:attachment":[{"href":"https:\/\/radiowebmx.com\/nota\/wp-json\/wp\/v2\/media?parent=6417"}],"wp:term":[{"taxonomy":"category","embeddable":true,"href":"https:\/\/radiowebmx.com\/nota\/wp-json\/wp\/v2\/categories?post=6417"},{"taxonomy":"post_tag","embeddable":true,"href":"https:\/\/radiowebmx.com\/nota\/wp-json\/wp\/v2\/tags?post=6417"}],"curies":[{"name":"wp","href":"https:\/\/api.w.org\/{rel}","templated":true}]}}