{"id":6415,"date":"2014-04-02T10:56:10","date_gmt":"2014-04-02T16:56:10","guid":{"rendered":"https:\/\/radiowebmx.com\/nota\/?p=6415"},"modified":"2014-04-02T10:56:10","modified_gmt":"2014-04-02T16:56:10","slug":"temas-de-cafe-122","status":"publish","type":"post","link":"https:\/\/radiowebmx.com\/nota\/temas-de-cafe-122\/","title":{"rendered":"TEMAS DE CAF\u00c9"},"content":{"rendered":"<ul>\n<li>\u00bfSERA LA EXPO MICHOACAN?<\/li>\n<li>UN SINDICATO RESPONSABLE<\/li>\n<li>OPORTUNIDADES PARA LOS 4<\/li>\n<li>\u00bfLA 1\u00aa SEMANA SANTA EN PAZ?<\/li>\n<\/ul>\n<p>Seguramente usted estuvo enterado, de que la Expo Michoac\u00e1n tuvo problemas, por diversos diferendos que se presentaron, como \u00a0la renuncia de la directora, ten\u00eda unos d\u00edas en su puesto y es que con el antecedente, de las ferias anteriores en las cuales hubo, contrataciones sospechosas como la hija y el hijo de Enrique Plancarte, por cierto abatido en las cercan\u00edas de Quer\u00e9taro, la cuesti\u00f3n es que ahora la responsabilidad, de la realizaci\u00f3n de esta Exposici\u00f3n y Feria, as\u00ed naci\u00f3 en 1960 caer\u00e1 en la persona de Roberto Monroy quien tendr\u00e1 oportunidad de reivindicarse, porque \u00faltimamente no le ha ido muy bien.<\/p>\n<p>EXPOSICION Y FERIA Y LA SEMANA SANTA<\/p>\n<p>Cuando Roberto estuvo en Turismo en el Municipio de Morelia, fue tal vez el mejor que ha pasado por ese lugar, cuando pens\u00e1bamos que se sublimar\u00eda en la Secretar\u00eda de Turismo, del Gobierno del Estado, se vino abajo y, m\u00e1s cuando Fausto Vallejo tuvo que alejarse del gobierno, par atender su salud, Roberto ha estado de bajo perfil, tal vez por la situaci\u00f3n viv\u00eda la entidad,\u00a0 hoy creemos empezaremos a ver al Roberto Monroy, que la gente quiere ver en Turismo, creativo e innovador y nominalmente Zeus Rodr\u00edguez es director.<\/p>\n<p>LA EXPOSICI\u00d3N Y FERIA NACIO POR LA PLAZA DE TOROS<\/p>\n<p>La primera exposici\u00f3n y feria\u00a0 no se limit\u00f3, a ser una feria de pueblo como fue por muchos a\u00f1os, naci\u00f3 grande porque quien inaugur\u00f3\u00a0 ese primer evento, que se realiz\u00f3 en torno a la Plaza de Toros de Morelia, la grande, la en serio no el Palacio del Arte que es un remedo, de una verdadera plaza de Toros, como la que se encuentra al poniente de Morelia, estuvieron en esa inauguraci\u00f3n el presidente de M\u00e9xico Adolfo L\u00f3pez Mateos y el gobernador, don David Franco Rodr\u00edguez.<\/p>\n<p>LA IDEA ERA MOSTRAR EL AVANCE DE MICHOACAN<\/p>\n<p>Esta exposici\u00f3n y feria de Michoac\u00e1n, ten\u00eda como objetivo mostrar los avances que ten\u00eda Michoac\u00e1n en los 113 municipios, la ganader\u00eda, la agricultura, industria, cultura, parte de la historia a\u00a0 los mexicanos, reiteramos naci\u00f3 grande con objetivos enormes para su tiempo,\u00a0 claro que despu\u00e9s los subsiguientes organizadores, no fueron congruente ni mantuvieron la misma l\u00ednea, despu\u00e9s de unos a\u00f1os ese lugar le qued\u00f3 chico, por lo cual se trasladaron a los enormes terrenos, que entonces formaban la explanada de lo que era la Unidad Deportiva Morelos, hoy ah\u00ed est\u00e1 un fraccionamientos y el auditorio\u00a0 Samuel Ramos.<\/p>\n<p>Cierto, era una exposici\u00f3n y feria chica, pero representativa, no se hab\u00eda apoderado los vinos y cervecer\u00edas del evento, m\u00e1s tarde la ciudad creci\u00f3 y lo mismo la exposici\u00f3n y feria, despu\u00e9s fue Expo Morelia y se traslad\u00f3 a terrenos de Santiaguito, estuvo \u00a0varios a\u00f1os \u00a0hasta que otra vez tuvo que emigrar y se llam\u00f3 Recinto Ferial, el cual\u00a0 por detalles que le comentaremos, un robo m\u00e1s qued\u00f3 en lo que usted conoce, en el papel \u00a0iba a ser el recinto ferial m\u00e1s grande de M\u00e9xico.<\/p>\n<p>DEL\u00a0 30 DE ABRIL AL 18 DE MAYO<\/p>\n<p>Este evento esperamos rescate lo mejor de Michoac\u00e1n, y por primera vez involucre a la Canirac, Canacintra, Canaco dar\u00e1 inicio el 30 de abril al 18 d, ambas fechas emblem\u00e1ticas, D\u00eda del Ni\u00f1o y Aniversario de la Fundaci\u00f3n de Morelia, cuando se llam\u00f3 Valladolid, en las manos de Roberto Monroy esperamos regrese, a sus or\u00edgenes y mostrar lo mejor del estado, que sirva para decirle a M\u00e9xico y al mundo que Michoac\u00e1n est\u00e1 de regreso, para \u00a0inversiones y turismo.<\/p>\n<p>LAS FESTIVIDADES DE SEMANA SANTA, IGUAL<\/p>\n<p>Esperamos que para esta semana santa, no haya problemas como en las anteriores, siempre que llegaba una fecha emblem\u00e1tica, para el turismo los prestadores de servicios, abrigaban esperanzas de reponerse de la crisis, se presentaban incidentes violentos, y ven\u00edan cancelaciones, ahora si las cosas se mantienen bien, esperan unos 90 mil visitantes para estas festividades, que se integra de decenas de festividades, destacando la Marcha del Silencio que tanto ha gustado.<\/p>\n<p>SINDICATO RESPONSABLE Y UNO TODO LO CONTRARIO<\/p>\n<p>Antonio Ferreira se lo hemos comentado en varias ocasiones, es uno de los dirigentes que m\u00e1s cuenta, con el apoyo y respaldo de los agremiados al STASPE, hay otros dirigentes que\u00a0 ofrecen buenos resultados en Salud Javier Maldonado, o Jos\u00e9 Trinidad Mart\u00ednez Pasalagua, tal vez mucha gente no lo ve con buenos ojos, pero preg\u00fanteles a sus agremiados y ver\u00e1 que los aprecian, porque ofrecen resultados en este caso Ferreira, acata la voluntad de los trabajadores del estado, y prorrog\u00f3 la huelga para el 22 de este mes. Ejemplo de mal sindicato, el Spum.<\/p>\n<p>ZHABEL Y MARTINEZ CORONEL, DE BAJO PERFIL<\/p>\n<p>Creemos que una parte del problema, en este tema del Staspe son los personajes, que les corresponde presentar la parte del Gobierno del estado, Zhabel Pineda subsecretaria de administraci\u00f3n\u00a0 y Mart\u00ednez Coronel, dos personajes son de muy bajo perfil para tratar este tema, tenemos plena seguridad que no han hecho su trabajo bien, son novatos en este tema, y\u00a0 en parte por ellos se agrava la situaci\u00f3n, y es que en este aspecto hay verdades absolutas, hoy no hay m\u00e1s que el 3.5 a salarios y 1.2 a prestaciones, as\u00ed pueden estallar la huelga, no hay m\u00e1s para el Staspe y significa, 79 millones de pesos la mayor parte por salarios, pero se les debe explicar a los trabajadores o representante sindicales, de manera honesta, sin rodeos y es que s\u00ed llegar\u00e1n m\u00e1s recursos para obras, no para salarios, eso debe quedar bien definido. Pero la forma significa mucho en este tema,\u00a0 tenemos la sensaci\u00f3n de que tanto Zhabel, como Mart\u00ednez Coronel no saben tratar con sindicalizados, la parte noble del Ejecutivo.<\/p>\n<p>TORRES PI\u00d1A GARANTIZA PROCESO EQUITATIVO<\/p>\n<p>Se lo comentamos como tal vez varios amigos m\u00e1s, lo ideal era que Carlos Torres Pi\u00f1a asumiera la dirigencia estatal del PRD, por la raz\u00f3n de que no tenia candidato visible para promover,\u00a0 de esta manera garantizaba un proceso equitativo para los aspirantes, que en este momento ya son cuatro, Silvano, Fidel, Mor\u00f3n y Uriel L\u00f3pez Paredes, y aunque se presentaron algunas molestias, por la forma en que finalmente qued\u00f3 renovada, la dirigencia estatal del PRD, la verdad fue la mejor forma de hacerlo.<\/p>\n<p>Si el dirigente hubiera sido Sigala, trabajar\u00eda m\u00e1s para Silvano, si hubiera llegado El\u00edas Ibarra su coraz\u00f3n, est\u00e1 de lado de Fidel Calder\u00f3n, y Torres Pi\u00f1a no ten\u00eda preferencias conocidas, se mantuvo en este aspecto tranquilo, por lo cual es cre\u00edble lo que dijo, que no habr\u00e1 dados cargados para elegir al candidato, al gobierno de Michoac\u00e1n de que todos tendr\u00edan las mismas oportunidades, y que a final de cuentas ser\u00edan los militantes perredistas, quienes designar\u00edan en las urnas a su candidato al gobierno, y hasta ahora vemos en forma visible, a Silvano por su trayectoria pol\u00edtica y administrativa, pero estar\u00e1n en la lucha, Fidel Calder\u00f3n, Ra\u00fal Mor\u00f3n y Uriel L\u00f3pez Paredes, aunque creemos que a final de cuentas todo ser\u00e1 entre dos.<\/p>\n<p>ALFREDO CASTILLO EN SU LABERINTO<\/p>\n<p>Lo comentamos desde un principio que Michoac\u00e1n, no era un\u00a0 estado f\u00e1cil, los michoacanos somos por s\u00ed complicados, tenemos una herencia conflictiva, nuestros antepasados ind\u00edgenas rebeldes y duros de convencer, mezclados con la sangre espa\u00f1ola, no la mejor sino de aventureros y convictos, que sacaron de la prisi\u00f3n para la conquista, y agregue las ense\u00f1anzas de los Jesuitas religiosos estudiosos, con afanes de libertad, y el producto final, los michoacanos.<\/p>\n<p>LAS DEFENSAS SE LE HICIERON BOLAS<\/p>\n<p>No hay duda, quien tiene las armas tiene el poder, y los autodefensas tienen las armas y un excelente arsenal y estamos seguros, que a la mayor\u00eda los mueve afanes honestos, pero tambi\u00e9n puede\u00a0 haber personajes que aprovechando la situaci\u00f3n, se protegen con estas figuras, de ah\u00ed que se necesitan asesores de primer nivel y Alfredo Castillo no lo hizo, porque si recuerda los mejores resultados y el avance en municipios liberados, fueron\u00a0 con el apoyo de las autodefensas, pero finalmente se complic\u00f3 la situaci\u00f3n con Hip\u00f3lito Mora, con el Abuelo y amigos que lo acompa\u00f1aban y ahora, con la muerte del alcalde de Tanhuato.<\/p>\n<p>Ha logrado avances en materia de seguridad,\u00a0 pero faltan los aspectos sociales y pol\u00edticos, son asignaturas \u00a0que Alfredo Castillo tiene pendientes, aunque han empezado a llegar los recursos para la sobras prometidas, y eso es excelente pero nos e debe olvidar el aspecto social y pol\u00edtico y para eso, no le sirve nadie de los que se trajo del Estado de M\u00e9xico y el DF, y uno que otro de Hidalgo, para eso necesita a michoacanos, pero debe analizar bien los perfiles, porque lo pueden llevar al baile y vestirlo de mojiganga.<\/p>\n","protected":false},"excerpt":{"rendered":"<p>\u2022\t\u00bfSERA LA EXPO MICHOACAN?<br \/>\n\u2022\tUN SINDICATO RESPONSABLE<br \/>\n\u2022\tOPORTUNIDADES PARA LOS 4<br \/>\n\u2022\t\u00bfLA 1\u00aa SEMANA SANTA EN PAZ?<\/p>\n","protected":false},"author":1,"featured_media":0,"comment_status":"open","ping_status":"open","sticky":false,"template":"","format":"standard","meta":{"footnotes":""},"categories":[4,14,10],"tags":[],"class_list":["post-6415","post","type-post","status-publish","format-standard","hentry","category-columnistas","category-destacadas","category-juan-manuel-belmonte"],"_links":{"self":[{"href":"https:\/\/radiowebmx.com\/nota\/wp-json\/wp\/v2\/posts\/6415","targetHints":{"allow":["GET"]}}],"collection":[{"href":"https:\/\/radiowebmx.com\/nota\/wp-json\/wp\/v2\/posts"}],"about":[{"href":"https:\/\/radiowebmx.com\/nota\/wp-json\/wp\/v2\/types\/post"}],"author":[{"embeddable":true,"href":"https:\/\/radiowebmx.com\/nota\/wp-json\/wp\/v2\/users\/1"}],"replies":[{"embeddable":true,"href":"https:\/\/radiowebmx.com\/nota\/wp-json\/wp\/v2\/comments?post=6415"}],"version-history":[{"count":1,"href":"https:\/\/radiowebmx.com\/nota\/wp-json\/wp\/v2\/posts\/6415\/revisions"}],"predecessor-version":[{"id":6416,"href":"https:\/\/radiowebmx.com\/nota\/wp-json\/wp\/v2\/posts\/6415\/revisions\/6416"}],"wp:attachment":[{"href":"https:\/\/radiowebmx.com\/nota\/wp-json\/wp\/v2\/media?parent=6415"}],"wp:term":[{"taxonomy":"category","embeddable":true,"href":"https:\/\/radiowebmx.com\/nota\/wp-json\/wp\/v2\/categories?post=6415"},{"taxonomy":"post_tag","embeddable":true,"href":"https:\/\/radiowebmx.com\/nota\/wp-json\/wp\/v2\/tags?post=6415"}],"curies":[{"name":"wp","href":"https:\/\/api.w.org\/{rel}","templated":true}]}}