{"id":64104,"date":"2019-05-09T12:47:43","date_gmt":"2019-05-09T17:47:43","guid":{"rendered":"https:\/\/radiowebmx.com\/nota\/?p=64104"},"modified":"2019-05-09T12:47:43","modified_gmt":"2019-05-09T17:47:43","slug":"se-buscara-cuidar-a-la-base-trabajadora-del-pri-victor-silva","status":"publish","type":"post","link":"https:\/\/radiowebmx.com\/nota\/se-buscara-cuidar-a-la-base-trabajadora-del-pri-victor-silva\/","title":{"rendered":"SE BUSCAR\u00c1 CUIDAR A LA BASE TRABAJADORA DEL PRI, V\u00cdCTOR SILVA"},"content":{"rendered":"<p>Se buscar\u00e1 cuidar a la base trabajadora del CDE del PRI ante la crisis que atraviesa el partido, as\u00ed lo se\u00f1al\u00f3 V\u00edctor Silva Tejeda, presidente estatal del instituto pol\u00edtico.<\/p>\n<p>&nbsp;<\/p>\n<p>En el marco del festejo del D\u00eda de la Madre y del Ni\u00f1o, el l\u00edder del tricolor hizo eco a la petici\u00f3n hecha por los trabajadores al se\u00f1alar la preocupaci\u00f3n de poder quedarse sin trabajo ante la situaci\u00f3n financiera que a traviesa el partido en el estado.<\/p>\n<p>&nbsp;<\/p>\n<p>Viridiana Silva Ram\u00edrez, fue la porta voz de los trabajadores del partido, quien solicit\u00f3 al presidente que se protegiera principalmente a las madres trabajadoras \u201cse\u00f1or presidente, nosotros le solicitamos, despu\u00e9s de las noticias\u00a0 que hemos visto del posible recorte de personal que se proteja a los que menos ganan\u201d.<\/p>\n<p>&nbsp;<\/p>\n<p>En este sentido, Silva Tejeda manifest\u00f3 que se buscar\u00e1n los mecanismos adecuados para proteger a los trabajadores quienes han demostrado su institucionalidad; \u201cencontraremos los mecanismo para poder proteger a los trabajadores del partido, principalmente a las madres de familia, quienes han sido institucionales y leales al instituto pol\u00edtico\u201d.<\/p>\n<p>&nbsp;<\/p>\n<p>Adem\u00e1s felicit\u00f3 a las madres y a los ni\u00f1os que se dieron cita en las instalaciones del partido, quienes bajo el programa nacional \u201cVoy al PRI\u201d disfrutaron de un gran evento.<\/p>\n<p>&nbsp;<\/p>\n<p>En este contexto, Rosa Mar\u00eda Molina, secretaria general del CDE, reconoci\u00f3 el esfuerzo que desempe\u00f1an las mujeres en la sociedad michoacana.<\/p>\n<p>&nbsp;<\/p>\n<p>En el evento estuvieron presentes el delegado del CEN, Enrique Martini Castillo, as\u00ed como Jes\u00fas Luna Morales, dirigente estatal de la CNCE; el delegado general de Morelia, Roberto Carlos Garc\u00eda L\u00f3pez; los secretarios del CDE y representantes seccionales, entre otros.<\/p>\n","protected":false},"excerpt":{"rendered":"<p>Se buscar\u00e1 cuidar a la base trabajadora del CDE del PRI ante la crisis que atraviesa el partido, as\u00ed lo se\u00f1al\u00f3 V\u00edctor Silva Tejeda, presidente estatal del instituto pol\u00edtico. &nbsp; En el marco del festejo del D\u00eda de la Madre y del Ni\u00f1o, el l\u00edder del tricolor hizo eco a la petici\u00f3n hecha por los [&hellip;]<\/p>\n","protected":false},"author":2,"featured_media":64105,"comment_status":"closed","ping_status":"closed","sticky":false,"template":"","format":"standard","meta":{"footnotes":""},"categories":[11],"tags":[],"class_list":["post-64104","post","type-post","status-publish","format-standard","has-post-thumbnail","hentry","category-partidos-politicos"],"_links":{"self":[{"href":"https:\/\/radiowebmx.com\/nota\/wp-json\/wp\/v2\/posts\/64104","targetHints":{"allow":["GET"]}}],"collection":[{"href":"https:\/\/radiowebmx.com\/nota\/wp-json\/wp\/v2\/posts"}],"about":[{"href":"https:\/\/radiowebmx.com\/nota\/wp-json\/wp\/v2\/types\/post"}],"author":[{"embeddable":true,"href":"https:\/\/radiowebmx.com\/nota\/wp-json\/wp\/v2\/users\/2"}],"replies":[{"embeddable":true,"href":"https:\/\/radiowebmx.com\/nota\/wp-json\/wp\/v2\/comments?post=64104"}],"version-history":[{"count":1,"href":"https:\/\/radiowebmx.com\/nota\/wp-json\/wp\/v2\/posts\/64104\/revisions"}],"predecessor-version":[{"id":64106,"href":"https:\/\/radiowebmx.com\/nota\/wp-json\/wp\/v2\/posts\/64104\/revisions\/64106"}],"wp:featuredmedia":[{"embeddable":true,"href":"https:\/\/radiowebmx.com\/nota\/wp-json\/wp\/v2\/media\/64105"}],"wp:attachment":[{"href":"https:\/\/radiowebmx.com\/nota\/wp-json\/wp\/v2\/media?parent=64104"}],"wp:term":[{"taxonomy":"category","embeddable":true,"href":"https:\/\/radiowebmx.com\/nota\/wp-json\/wp\/v2\/categories?post=64104"},{"taxonomy":"post_tag","embeddable":true,"href":"https:\/\/radiowebmx.com\/nota\/wp-json\/wp\/v2\/tags?post=64104"}],"curies":[{"name":"wp","href":"https:\/\/api.w.org\/{rel}","templated":true}]}}